{"id":450,"date":"2020-04-19T21:06:39","date_gmt":"2020-04-19T21:06:39","guid":{"rendered":"https:\/\/sinistracivica.it\/?p=450"},"modified":"2020-04-19T21:11:24","modified_gmt":"2020-04-19T21:11:24","slug":"il-vero-patriota-e-chi-canta-bella-ciao","status":"publish","type":"post","link":"https:\/\/sinistracivica.it\/index.php\/2020\/04\/19\/il-vero-patriota-e-chi-canta-bella-ciao\/","title":{"rendered":"IL VERO PATRIOTA \u00c8 CHI CANTA &#8220;BELLA CIAO&#8221;"},"content":{"rendered":"\n<p><strong>Comunicato stampa del 19\/04\/2020<\/strong><\/p>\n\n\n\n<p>In questo momento, in cui le libert\u00e0 personali vengono messe pesantemente in crisi a causa dell\u2019emergenza COVID-19, riteniamo necessario ricordare con maggiore forza chi difese la libert\u00e0 nel nostro paese dai fascismi.<\/p>\n\n\n\n<p>Per questa ragione, Sinistra Civica esprime il proprio massimo sostegno all&#8217;iniziativa dell&#8217;ANPI di Venaria ed all\u2019istituzione scolastico cittadina; quest\u2019ultima oggetto di pretestuose critiche sulle colonne de \u201cIl Giornale\u201d per la proposta di alcuni insegnanti di fare cantare ai propri studenti il canto popolare \u201cBella Ciao\u201d.<\/p>\n\n\n\n<p>Questa canzone, che \u00e8 diventata, anche al di fuori dei confini nazionali, un inno alla libert\u00e0, crediamo non sia il canto di una parte politica, ma un brano che rappresenta tutti gli italiani.<\/p>\n\n\n\n<p>A questo proposito non comprendiamo le prese di posizione di alcuni cittadini che ritengono tale iniziativa \u201cdi parte\u201d e condanniamo fermamente i tentativi di censura e strumentalizzazione politica. Auspichiamo che tutte le forze politiche venariesi, che hanno a cuore la democrazia, facciano la stessa cosa.<\/p>\n\n\n\n<p>Questo s\u00ec sarebbe un bel modo di onorare la conquista della libert\u00e0 nel 1945 quale simbolo di unit\u00e0 e patrimonio nazionale di tutte e tutti, da difendere, riaffermare e tramandare alle future generazioni in tutto il suo immutato valore.<\/p>\n\n\n\n<div class=\"wp-block-file\"><a href=\"https:\/\/sinistracivica.it\/wp-content\/uploads\/2020\/04\/comunicato-stampa-19-aprile-2020.pdf\">comunicato-stampa-19-aprile-2020<\/a><a href=\"https:\/\/sinistracivica.it\/wp-content\/uploads\/2020\/04\/comunicato-stampa-19-aprile-2020.pdf\" class=\"wp-block-file__button\" download>Download<\/a><\/div>\n","protected":false},"excerpt":{"rendered":"<p>Comunicato stampa del 19\/04\/2020 In questo momento, in cui le libert\u00e0 personali vengono messe pesantemente in crisi a causa dell\u2019emergenza COVID-19, riteniamo necessario ricordare con maggiore forza chi difese la libert\u00e0 nel nostro paese dai fascismi. Per questa ragione, Sinistra Civica esprime il proprio massimo sostegno all&#8217;iniziativa dell&#8217;ANPI di Venaria ed all\u2019istituzione scolastico cittadina; quest\u2019ultima [&hellip;]<\/p>\n","protected":false},"author":1,"featured_media":0,"comment_status":"open","ping_status":"open","sticky":false,"template":"","format":"standard","meta":{"footnotes":""},"categories":[8],"tags":[],"class_list":["post-450","post","type-post","status-publish","format-standard","hentry","category-articoli"],"yoast_head":"<!-- This site is optimized with the Yoast SEO plugin v27.5 - https:\/\/yoast.com\/product\/yoast-seo-wordpress\/ -->\n<title>IL VERO PATRIOTA \u00c8 CHI CANTA &quot;BELLA CIAO&quot; - SINISTRA CIVICA<\/title>\n<meta name=\"robots\" content=\"index, follow, max-snippet:-1, max-image-preview:large, max-video-preview:-1\" \/>\n<link rel=\"canonical\" href=\"https:\/\/sinistracivica.it\/index.php\/2020\/04\/19\/il-vero-patriota-e-chi-canta-bella-ciao\/\" \/>\n<meta property=\"og:locale\" content=\"it_IT\" \/>\n<meta property=\"og:type\" content=\"article\" \/>\n<meta property=\"og:title\" content=\"IL VERO PATRIOTA \u00c8 CHI CANTA &quot;BELLA CIAO&quot; - SINISTRA CIVICA\" \/>\n<meta property=\"og:description\" content=\"Comunicato stampa del 19\/04\/2020 In questo momento, in cui le libert\u00e0 personali vengono messe pesantemente in crisi a causa dell\u2019emergenza COVID-19, riteniamo necessario ricordare con maggiore forza chi difese la libert\u00e0 nel nostro paese dai fascismi. Per questa ragione, Sinistra Civica esprime il proprio massimo sostegno all&#8217;iniziativa dell&#8217;ANPI di Venaria ed all\u2019istituzione scolastico cittadina; quest\u2019ultima [&hellip;]\" \/>\n<meta property=\"og:url\" content=\"https:\/\/sinistracivica.it\/index.php\/2020\/04\/19\/il-vero-patriota-e-chi-canta-bella-ciao\/\" \/>\n<meta property=\"og:site_name\" content=\"SINISTRA CIVICA\" \/>\n<meta property=\"article:published_time\" content=\"2020-04-19T21:06:39+00:00\" \/>\n<meta property=\"article:modified_time\" content=\"2020-04-19T21:11:24+00:00\" \/>\n<meta name=\"author\" content=\"admin\" \/>\n<meta name=\"twitter:card\" content=\"summary_large_image\" \/>\n<meta name=\"twitter:label1\" content=\"Scritto da\" \/>\n\t<meta name=\"twitter:data1\" content=\"admin\" \/>\n\t<meta name=\"twitter:label2\" content=\"Tempo di lettura stimato\" \/>\n\t<meta name=\"twitter:data2\" content=\"1 minuto\" \/>\n<script type=\"application\/ld+json\" class=\"yoast-schema-graph\">{\"@context\":\"https:\\\/\\\/schema.org\",\"@graph\":[{\"@type\":\"Article\",\"@id\":\"https:\\\/\\\/sinistracivica.it\\\/index.php\\\/2020\\\/04\\\/19\\\/il-vero-patriota-e-chi-canta-bella-ciao\\\/#article\",\"isPartOf\":{\"@id\":\"https:\\\/\\\/sinistracivica.it\\\/index.php\\\/2020\\\/04\\\/19\\\/il-vero-patriota-e-chi-canta-bella-ciao\\\/\"},\"author\":{\"name\":\"admin\",\"@id\":\"https:\\\/\\\/sinistracivica.it\\\/#\\\/schema\\\/person\\\/b8db22896ca66c1179b83eef0c7c1277\"},\"headline\":\"IL VERO PATRIOTA \u00c8 CHI CANTA &#8220;BELLA CIAO&#8221;\",\"datePublished\":\"2020-04-19T21:06:39+00:00\",\"dateModified\":\"2020-04-19T21:11:24+00:00\",\"mainEntityOfPage\":{\"@id\":\"https:\\\/\\\/sinistracivica.it\\\/index.php\\\/2020\\\/04\\\/19\\\/il-vero-patriota-e-chi-canta-bella-ciao\\\/\"},\"wordCount\":210,\"commentCount\":0,\"publisher\":{\"@id\":\"https:\\\/\\\/sinistracivica.it\\\/#organization\"},\"articleSection\":[\"articoli\"],\"inLanguage\":\"it-IT\",\"potentialAction\":[{\"@type\":\"CommentAction\",\"name\":\"Comment\",\"target\":[\"https:\\\/\\\/sinistracivica.it\\\/index.php\\\/2020\\\/04\\\/19\\\/il-vero-patriota-e-chi-canta-bella-ciao\\\/#respond\"]}]},{\"@type\":\"WebPage\",\"@id\":\"https:\\\/\\\/sinistracivica.it\\\/index.php\\\/2020\\\/04\\\/19\\\/il-vero-patriota-e-chi-canta-bella-ciao\\\/\",\"url\":\"https:\\\/\\\/sinistracivica.it\\\/index.php\\\/2020\\\/04\\\/19\\\/il-vero-patriota-e-chi-canta-bella-ciao\\\/\",\"name\":\"IL VERO PATRIOTA \u00c8 CHI CANTA \\\"BELLA CIAO\\\" - SINISTRA CIVICA\",\"isPartOf\":{\"@id\":\"https:\\\/\\\/sinistracivica.it\\\/#website\"},\"datePublished\":\"2020-04-19T21:06:39+00:00\",\"dateModified\":\"2020-04-19T21:11:24+00:00\",\"breadcrumb\":{\"@id\":\"https:\\\/\\\/sinistracivica.it\\\/index.php\\\/2020\\\/04\\\/19\\\/il-vero-patriota-e-chi-canta-bella-ciao\\\/#breadcrumb\"},\"inLanguage\":\"it-IT\",\"potentialAction\":[{\"@type\":\"ReadAction\",\"target\":[\"https:\\\/\\\/sinistracivica.it\\\/index.php\\\/2020\\\/04\\\/19\\\/il-vero-patriota-e-chi-canta-bella-ciao\\\/\"]}]},{\"@type\":\"BreadcrumbList\",\"@id\":\"https:\\\/\\\/sinistracivica.it\\\/index.php\\\/2020\\\/04\\\/19\\\/il-vero-patriota-e-chi-canta-bella-ciao\\\/#breadcrumb\",\"itemListElement\":[{\"@type\":\"ListItem\",\"position\":1,\"name\":\"Home\",\"item\":\"https:\\\/\\\/sinistracivica.it\\\/\"},{\"@type\":\"ListItem\",\"position\":2,\"name\":\"IL VERO PATRIOTA \u00c8 CHI CANTA &#8220;BELLA CIAO&#8221;\"}]},{\"@type\":\"WebSite\",\"@id\":\"https:\\\/\\\/sinistracivica.it\\\/#website\",\"url\":\"https:\\\/\\\/sinistracivica.it\\\/\",\"name\":\"SINISTRA CIVICA\",\"description\":\"\",\"publisher\":{\"@id\":\"https:\\\/\\\/sinistracivica.it\\\/#organization\"},\"potentialAction\":[{\"@type\":\"SearchAction\",\"target\":{\"@type\":\"EntryPoint\",\"urlTemplate\":\"https:\\\/\\\/sinistracivica.it\\\/?s={search_term_string}\"},\"query-input\":{\"@type\":\"PropertyValueSpecification\",\"valueRequired\":true,\"valueName\":\"search_term_string\"}}],\"inLanguage\":\"it-IT\"},{\"@type\":\"Organization\",\"@id\":\"https:\\\/\\\/sinistracivica.it\\\/#organization\",\"name\":\"SINISTRA CIVICA\",\"url\":\"https:\\\/\\\/sinistracivica.it\\\/\",\"logo\":{\"@type\":\"ImageObject\",\"inLanguage\":\"it-IT\",\"@id\":\"https:\\\/\\\/sinistracivica.it\\\/#\\\/schema\\\/logo\\\/image\\\/\",\"url\":\"https:\\\/\\\/sinistracivica.it\\\/wp-content\\\/uploads\\\/2021\\\/01\\\/cropped-Logo_ok.png\",\"contentUrl\":\"https:\\\/\\\/sinistracivica.it\\\/wp-content\\\/uploads\\\/2021\\\/01\\\/cropped-Logo_ok.png\",\"width\":512,\"height\":512,\"caption\":\"SINISTRA  CIVICA\"},\"image\":{\"@id\":\"https:\\\/\\\/sinistracivica.it\\\/#\\\/schema\\\/logo\\\/image\\\/\"}},{\"@type\":\"Person\",\"@id\":\"https:\\\/\\\/sinistracivica.it\\\/#\\\/schema\\\/person\\\/b8db22896ca66c1179b83eef0c7c1277\",\"name\":\"admin\",\"image\":{\"@type\":\"ImageObject\",\"inLanguage\":\"it-IT\",\"@id\":\"https:\\\/\\\/secure.gravatar.com\\\/avatar\\\/7fe9747f7c59ae0091a510f2ebb5c0c88544f6317840ecbb5618196cb30f5f3d?s=96&d=mm&r=g\",\"url\":\"https:\\\/\\\/secure.gravatar.com\\\/avatar\\\/7fe9747f7c59ae0091a510f2ebb5c0c88544f6317840ecbb5618196cb30f5f3d?s=96&d=mm&r=g\",\"contentUrl\":\"https:\\\/\\\/secure.gravatar.com\\\/avatar\\\/7fe9747f7c59ae0091a510f2ebb5c0c88544f6317840ecbb5618196cb30f5f3d?s=96&d=mm&r=g\",\"caption\":\"admin\"},\"url\":\"https:\\\/\\\/sinistracivica.it\\\/index.php\\\/author\\\/admin\\\/\"}]}<\/script>\n<!-- \/ Yoast SEO plugin. -->","yoast_head_json":{"title":"IL VERO PATRIOTA \u00c8 CHI CANTA \"BELLA CIAO\" - SINISTRA CIVICA","robots":{"index":"index","follow":"follow","max-snippet":"max-snippet:-1","max-image-preview":"max-image-preview:large","max-video-preview":"max-video-preview:-1"},"canonical":"https:\/\/sinistracivica.it\/index.php\/2020\/04\/19\/il-vero-patriota-e-chi-canta-bella-ciao\/","og_locale":"it_IT","og_type":"article","og_title":"IL VERO PATRIOTA \u00c8 CHI CANTA \"BELLA CIAO\" - SINISTRA CIVICA","og_description":"Comunicato stampa del 19\/04\/2020 In questo momento, in cui le libert\u00e0 personali vengono messe pesantemente in crisi a causa dell\u2019emergenza COVID-19, riteniamo necessario ricordare con maggiore forza chi difese la libert\u00e0 nel nostro paese dai fascismi. Per questa ragione, Sinistra Civica esprime il proprio massimo sostegno all&#8217;iniziativa dell&#8217;ANPI di Venaria ed all\u2019istituzione scolastico cittadina; quest\u2019ultima [&hellip;]","og_url":"https:\/\/sinistracivica.it\/index.php\/2020\/04\/19\/il-vero-patriota-e-chi-canta-bella-ciao\/","og_site_name":"SINISTRA CIVICA","article_published_time":"2020-04-19T21:06:39+00:00","article_modified_time":"2020-04-19T21:11:24+00:00","author":"admin","twitter_card":"summary_large_image","twitter_misc":{"Scritto da":"admin","Tempo di lettura stimato":"1 minuto"},"schema":{"@context":"https:\/\/schema.org","@graph":[{"@type":"Article","@id":"https:\/\/sinistracivica.it\/index.php\/2020\/04\/19\/il-vero-patriota-e-chi-canta-bella-ciao\/#article","isPartOf":{"@id":"https:\/\/sinistracivica.it\/index.php\/2020\/04\/19\/il-vero-patriota-e-chi-canta-bella-ciao\/"},"author":{"name":"admin","@id":"https:\/\/sinistracivica.it\/#\/schema\/person\/b8db22896ca66c1179b83eef0c7c1277"},"headline":"IL VERO PATRIOTA \u00c8 CHI CANTA &#8220;BELLA CIAO&#8221;","datePublished":"2020-04-19T21:06:39+00:00","dateModified":"2020-04-19T21:11:24+00:00","mainEntityOfPage":{"@id":"https:\/\/sinistracivica.it\/index.php\/2020\/04\/19\/il-vero-patriota-e-chi-canta-bella-ciao\/"},"wordCount":210,"commentCount":0,"publisher":{"@id":"https:\/\/sinistracivica.it\/#organization"},"articleSection":["articoli"],"inLanguage":"it-IT","potentialAction":[{"@type":"CommentAction","name":"Comment","target":["https:\/\/sinistracivica.it\/index.php\/2020\/04\/19\/il-vero-patriota-e-chi-canta-bella-ciao\/#respond"]}]},{"@type":"WebPage","@id":"https:\/\/sinistracivica.it\/index.php\/2020\/04\/19\/il-vero-patriota-e-chi-canta-bella-ciao\/","url":"https:\/\/sinistracivica.it\/index.php\/2020\/04\/19\/il-vero-patriota-e-chi-canta-bella-ciao\/","name":"IL VERO PATRIOTA \u00c8 CHI CANTA \"BELLA CIAO\" - SINISTRA CIVICA","isPartOf":{"@id":"https:\/\/sinistracivica.it\/#website"},"datePublished":"2020-04-19T21:06:39+00:00","dateModified":"2020-04-19T21:11:24+00:00","breadcrumb":{"@id":"https:\/\/sinistracivica.it\/index.php\/2020\/04\/19\/il-vero-patriota-e-chi-canta-bella-ciao\/#breadcrumb"},"inLanguage":"it-IT","potentialAction":[{"@type":"ReadAction","target":["https:\/\/sinistracivica.it\/index.php\/2020\/04\/19\/il-vero-patriota-e-chi-canta-bella-ciao\/"]}]},{"@type":"BreadcrumbList","@id":"https:\/\/sinistracivica.it\/index.php\/2020\/04\/19\/il-vero-patriota-e-chi-canta-bella-ciao\/#breadcrumb","itemListElement":[{"@type":"ListItem","position":1,"name":"Home","item":"https:\/\/sinistracivica.it\/"},{"@type":"ListItem","position":2,"name":"IL VERO PATRIOTA \u00c8 CHI CANTA &#8220;BELLA CIAO&#8221;"}]},{"@type":"WebSite","@id":"https:\/\/sinistracivica.it\/#website","url":"https:\/\/sinistracivica.it\/","name":"SINISTRA CIVICA","description":"","publisher":{"@id":"https:\/\/sinistracivica.it\/#organization"},"potentialAction":[{"@type":"SearchAction","target":{"@type":"EntryPoint","urlTemplate":"https:\/\/sinistracivica.it\/?s={search_term_string}"},"query-input":{"@type":"PropertyValueSpecification","valueRequired":true,"valueName":"search_term_string"}}],"inLanguage":"it-IT"},{"@type":"Organization","@id":"https:\/\/sinistracivica.it\/#organization","name":"SINISTRA CIVICA","url":"https:\/\/sinistracivica.it\/","logo":{"@type":"ImageObject","inLanguage":"it-IT","@id":"https:\/\/sinistracivica.it\/#\/schema\/logo\/image\/","url":"https:\/\/sinistracivica.it\/wp-content\/uploads\/2021\/01\/cropped-Logo_ok.png","contentUrl":"https:\/\/sinistracivica.it\/wp-content\/uploads\/2021\/01\/cropped-Logo_ok.png","width":512,"height":512,"caption":"SINISTRA  CIVICA"},"image":{"@id":"https:\/\/sinistracivica.it\/#\/schema\/logo\/image\/"}},{"@type":"Person","@id":"https:\/\/sinistracivica.it\/#\/schema\/person\/b8db22896ca66c1179b83eef0c7c1277","name":"admin","image":{"@type":"ImageObject","inLanguage":"it-IT","@id":"https:\/\/secure.gravatar.com\/avatar\/7fe9747f7c59ae0091a510f2ebb5c0c88544f6317840ecbb5618196cb30f5f3d?s=96&d=mm&r=g","url":"https:\/\/secure.gravatar.com\/avatar\/7fe9747f7c59ae0091a510f2ebb5c0c88544f6317840ecbb5618196cb30f5f3d?s=96&d=mm&r=g","contentUrl":"https:\/\/secure.gravatar.com\/avatar\/7fe9747f7c59ae0091a510f2ebb5c0c88544f6317840ecbb5618196cb30f5f3d?s=96&d=mm&r=g","caption":"admin"},"url":"https:\/\/sinistracivica.it\/index.php\/author\/admin\/"}]}},"views":1864,"_links":{"self":[{"href":"https:\/\/sinistracivica.it\/index.php\/wp-json\/wp\/v2\/posts\/450","targetHints":{"allow":["GET"]}}],"collection":[{"href":"https:\/\/sinistracivica.it\/index.php\/wp-json\/wp\/v2\/posts"}],"about":[{"href":"https:\/\/sinistracivica.it\/index.php\/wp-json\/wp\/v2\/types\/post"}],"author":[{"embeddable":true,"href":"https:\/\/sinistracivica.it\/index.php\/wp-json\/wp\/v2\/users\/1"}],"replies":[{"embeddable":true,"href":"https:\/\/sinistracivica.it\/index.php\/wp-json\/wp\/v2\/comments?post=450"}],"version-history":[{"count":3,"href":"https:\/\/sinistracivica.it\/index.php\/wp-json\/wp\/v2\/posts\/450\/revisions"}],"predecessor-version":[{"id":456,"href":"https:\/\/sinistracivica.it\/index.php\/wp-json\/wp\/v2\/posts\/450\/revisions\/456"}],"wp:attachment":[{"href":"https:\/\/sinistracivica.it\/index.php\/wp-json\/wp\/v2\/media?parent=450"}],"wp:term":[{"taxonomy":"category","embeddable":true,"href":"https:\/\/sinistracivica.it\/index.php\/wp-json\/wp\/v2\/categories?post=450"},{"taxonomy":"post_tag","embeddable":true,"href":"https:\/\/sinistracivica.it\/index.php\/wp-json\/wp\/v2\/tags?post=450"}],"curies":[{"name":"wp","href":"https:\/\/api.w.org\/{rel}","templated":true}]}}