{"id":1477,"date":"2021-01-14T15:59:13","date_gmt":"2021-01-14T15:59:13","guid":{"rendered":"https:\/\/sinistracivica.it\/?p=1477"},"modified":"2021-01-14T15:59:15","modified_gmt":"2021-01-14T15:59:15","slug":"per-una-sanita-pubblica-e-sostenibile","status":"publish","type":"post","link":"https:\/\/sinistracivica.it\/index.php\/2021\/01\/14\/per-una-sanita-pubblica-e-sostenibile\/","title":{"rendered":"PER UNA SANIT\u00c0 PUBBLICA E SOSTENIBILE"},"content":{"rendered":"\n<p><img loading=\"lazy\" decoding=\"async\" width=\"50\" height=\"50\" class=\"wp-image-1428\" style=\"width: 50px;\" src=\"https:\/\/sinistracivica.it\/wp-content\/uploads\/2020\/02\/cropped-cropped-logo-nuovo-web-1.jpg\" alt=\"\" srcset=\"https:\/\/sinistracivica.it\/wp-content\/uploads\/2020\/02\/cropped-cropped-logo-nuovo-web-1.jpg 238w, https:\/\/sinistracivica.it\/wp-content\/uploads\/2020\/02\/cropped-cropped-logo-nuovo-web-1-150x150.jpg 150w\" sizes=\"auto, (max-width: 50px) 100vw, 50px\" \/>Per rendere il nostro <strong>S<\/strong>istema <strong>S<\/strong>anitario <strong>N<\/strong>azionale (<strong>SSN<\/strong>) equo e sostenibile \u00e8 necessario dotarlo non solo di risorse adeguate, ma anche innovarne strategie e organizzazione ed agire contro le \u201cdiseguaglianze sociali che provocano diseguaglianze nella salute\u201d.<br>Il <strong>definanziamento<\/strong> del Servizio Sanitario Nazionale \u00e8 stato particolarmente selettivo e ha penalizzato principalmente il personale, attraverso il blocco del turnover e dei contratti dei dipendenti (spesso a tempo determinato), la dilatazione del lavoro precario e l\u2019esternalizzazione dei servizi. Di tutto ci\u00f2 hanno sofferto (e soffrono sempre di pi\u00f9) la qualit\u00e0 e la disponibilit\u00e0 dei servizi per i cittadini, ed in particolare:<br>\u2022 <strong>rinuncia a curarsi per milioni di cittadini<\/strong> a causa delle liste di attesa troppo lunghe, dei costi eccessivi, della distanza dal luogo di cura,\u2026; una rinuncia che ha colpito maggiormente (ma non solo) i gruppi pi\u00f9 poveri della popolazione e le regioni meridionali;<br>\u2022<strong> ricorso sempre pi\u00f9 frequente al settore privato<\/strong> in diretta (e facile) competizione col settore pubblico, <em>sia sui tempi di attesa che sulle tariffe delle prestazioni.<\/em><\/p>\n\n\n\n<p>Sono conseguenze del <strong>progressivo cambiamento della natura del SSN dei suoi stessi obiettivi <\/strong>che dovrebbero garantire la tutela della salute fisica e psichica della popolazione \u201csenza distinzione di condizioni individuali e sociali e secondo modalit\u00e0 che assicurino l\u2019eguaglianza dei cittadini nei<br>confronti del servizio\u201d (art.1, L. 833\/78), con conseguente r<strong>inuncia alla sanit\u00e0 di prevenzione territoriale<\/strong>, la cui assenza, nel tempo della pandemia, ha reso drammaticamente tardivo e inadeguato l&#8217;intervento medico sanitario. In sintesi riteniamo (e chiediamo) quanto nel seguito esposto.<\/p>\n\n\n\n<ol class=\"wp-block-list\"><li>Nel <strong>fiorire del business privato della malattia <\/strong>emerge la <strong>questione assicurativa<\/strong>, ovvero la spinta verso la costruzione di un pilastro assicurativo privato. Il mercato assicurativo di per se non \u00e8 un male;<br>entro certi limiti \u00e8 compatibile con un servizio sanitario nazionale. Il problema nasce quando <strong>questo mercato sfrutta a proprio vantaggio l\u2019inefficienza del SSN e scommette sul suo fallimento<\/strong>, su una<br>sua presunta ineluttabile insostenibilit\u00e0, preparando con ci\u00f2 un cambiamento radicale di sistema.<\/li><li>\u00c8 necessaria<strong> ferma opposizione a qualsiasi disegno che conporti l\u2019organizzazione di doppio binario assistenziale<\/strong>: del Nord contro quello del Sud e quello erogato dal sistema privato tramite il mercato assicurativo (per chi se lo pu\u00f2 permettere) contro il servizio pubblico (impoverito e inefficiente) per il resto della popolazione.<\/li><li>Occorre porre<strong> fine al definanziamento che ha condotto allo stremo il SSN<\/strong>. Alla sanit\u00e0 pubblica vanno garantite tutte le risorse umane, fisiche e tecnologiche necessarie al suo adeguato e appropriato funzionamento, allineando la spesa sanitaria pubblica nazionale alla media europea.<\/li><li><strong>Il Governo deve fermare la tendenza dell\u2019industria farmaceutica a ricavare il massimo profitto dai farmaci innovativi a danno dei pazienti <\/strong>(com\u2019\u00e8 avvenuto nel recente passato nel caso dell\u2019Epatite C) e deve utilizzare gli strumenti consentiti dalla normativa sui brevetti (licenza obbligatoria e produzione statale di farmaci generici) per evitare che l\u2019introduzione di nuovi farmaci non rappresenti un fattore di insostenibilit\u00e0 del sistema sanitario.<\/li><li>\u00c8 fondamentale <strong>richiamare il rispetto dell\u2019Articolo 32 della Costituzione<\/strong> (La salute come diritto fondamentale). Ci\u00f2 significa sostenere un\u2019altra basilare funzione del SSN, ovvero quella di rassicurazione della popolazione: in caso di malattia nessuno dovr\u00e0 rinunciare alle cure a causa dei e nessuno dovr\u00e0 andare in rovina a causa di una malattia. <strong>Il SSN deve continuare a rappresentare un irrinunciabile strumento di coesione sociale e di lotta contro le diseguaglianze.<\/strong><\/li><\/ol>\n\n\n\n<ol class=\"wp-block-list\" start=\"6\"><li><strong>Fornire al servizio pubblico<\/strong>, anche territoriale, <strong>le risorse umane e tecnologiche indispensabili per il suo funzionamento<\/strong>; \u00e8 la condizione necessaria per risanare il nostro SSN, ma non \u00e8 sufficiente. <strong>Nel tempo delle pandemie<\/strong> (SARS, Ebola, AIDS, COVID 19,\u2026) <strong>e delle malattie croniche, l\u2019attuale offerta dei servizi non \u00e8 adeguata<\/strong>, nei confronti dei bisogni reali della popolazione, soprattutto considerando nuovi problemi legati, per esempio, agli aumenti della longevit\u00e0 (ma anche degli anni<br>trascorsi in non buona salute) e della percentuale della popolazione affetta da malattie croniche, in primo luogo quelle cardio-vascolari.<\/li><\/ol>\n\n\n\n<p>Oggi le malattie croniche assorbono circa l\u201980% dell\u2019assistenza e delle prestazioni del SSN. Ma si tratta di prestazioni in larga parte tardive, inappropriate e inefficaci (ed anche inutilmente costose) perch\u00e9<br>basate su interventi specialistici e ospedalieri e quasi mai integrati con l\u2019intervento sociale. <strong>Prevale ancora un modello di cura tipico delle malattie acute, basato sull\u2019<em>attesa<\/em> (ospedale), <\/strong>ovvero sull\u2019attesa che si manifesti un episodio grave su cui intervenire (uno scompenso, una complicazione,\u2026). <strong>\u00c8 necessario un cambio culturale, prima ancora che organizzativo, che sostituisca l\u2019approccio basato sull\u2019attesa con uno basato sull\u2019iniziativa (territorio), cio\u00e8 sulla prevenzione. <\/strong>Quindi:<br>\u2022 <strong>prevenzione \u201cprimaria\u201d<\/strong>; intervenire perch\u00e9 le persone non si ammalino, agendo sui principali fattori di rischio delle malattie croniche, tra cui fumo, obesit\u00e0, sedentariet\u00e0; fattori di rischio comportamentali, legati si alle scelte individuali, ma fortemente condizionati dal contesto sociale e dalla condizione socio-economica e dell\u2019ambiente di lavoro; le malattie croniche sono diventate le specchio delle diseguaglianze sociali nella societ\u00e0; le malattie croniche colpiscono maggiormente le fasce pi\u00f9 svantaggiate della popolazione; per questo il pi\u00f9 efficace intervento di prevenzione \u00e8 la riduzione delle diseguaglianze socio-economiche, a vantaggio della <strong>giustizia sociale <\/strong>e della <strong>tutela dell\u2019ambiente<\/strong> (\u201cla salute in tutte le politiche\u201d);<br>\u2022<strong> prevenzione \u201csecondaria\u201d e \u201cterziaria\u201c<\/strong>; ovvero riconoscimento tempestivo delle patologie e della vulnerabilit\u00e0, prevenzione degli scompensi e degli aggravamenti, coordinamento e la continuit\u00e0 delle cure, presa in carico sanitaria e sociale dei casi pi\u00f9 complessi.<br>Tutto ci\u00f2 \u00e8 previsto nel modello assistenziale denominato <strong>\u201csanit\u00e0 d\u2019iniziativa\u201d <\/strong>che prevede la riorganizzazione (e il potenziamento) delle cure primarie e dei servizi territoriali le cui principali caratteristiche sono le seguenti:<\/p>\n\n\n\n<ol class=\"wp-block-list\"><li><strong>coinvolgimento delle comunit\u00e0 locali <\/strong>per la promozione di iniziative per la salute (per es. nel campo dell\u2019attivit\u00e0 fisica e della corretta alimentazione) e per la coesione sociale (cfr. gruppi di auto-aiuto);<\/li><li><strong>nuova organizzazione delle cure primarie<\/strong>; costituzione di team multiprofessionali e multidisciplinari (medici di medicina genarale, infermieri, specialisti, fisioterapisti, epidemiologie, assistenti stociali,\u2026) per garantire un\u2019assistenza \u201cproattiva\u201c, integrata e personalizzata;<\/li><li><strong>centralit\u00e0 della persona<\/strong>; elemento basilare del modello, che significa, tra l\u2019altro, aiutare la persona a gestire la propria condizione e fare si che possa vivere \u201ccome se fosse sana\u201d la sua malattia (o le sue malattie, dato che gran parte dei pazienti affetti da malattie croniche convive con due o pi\u00f9 patologie); la sanit\u00e0 d\u2019iniziativa (sperimentata da anni in diversi paesi e, parzialmente, in alcune regioni italiane, come la Toscana e l\u2019Emilia Romagna) ha dimostrato di essere efficace, con la riduzione della mortalit\u00e0 e delle ospedalizzazioni ed anche in grado di ridurre i costi dell\u2019assistenza; ci\u00f2 che rende oggi eccessivamente costosa l\u2019assistenza sanitaria \u00e8 la multimorbosit\u00e0 da malattie croniche e la maggiore<br>condizione di vulnerabilit\u00e0 sociale, familiare e economica dei pazienti.<br>Gennaio 2021<br>Piero BOGLIANO<\/li><\/ol>\n","protected":false},"excerpt":{"rendered":"<p>Per rendere il nostro Sistema Sanitario Nazionale (SSN) equo e sostenibile \u00e8 necessario dotarlo non solo di risorse adeguate, ma anche innovarne strategie e organizzazione ed agire contro le \u201cdiseguaglianze sociali che provocano diseguaglianze nella salute\u201d.Il definanziamento del Servizio Sanitario Nazionale \u00e8 stato particolarmente selettivo e ha penalizzato principalmente il personale, attraverso il blocco del [&hellip;]<\/p>\n","protected":false},"author":1,"featured_media":1478,"comment_status":"open","ping_status":"open","sticky":false,"template":"","format":"standard","meta":{"footnotes":""},"categories":[8],"tags":[],"class_list":["post-1477","post","type-post","status-publish","format-standard","has-post-thumbnail","hentry","category-articoli"],"yoast_head":"<!-- This site is optimized with the Yoast SEO plugin v27.5 - https:\/\/yoast.com\/product\/yoast-seo-wordpress\/ -->\n<title>PER UNA SANIT\u00c0 PUBBLICA E SOSTENIBILE - SINISTRA CIVICA<\/title>\n<meta name=\"robots\" content=\"index, follow, max-snippet:-1, max-image-preview:large, max-video-preview:-1\" \/>\n<link rel=\"canonical\" href=\"https:\/\/sinistracivica.it\/index.php\/2021\/01\/14\/per-una-sanita-pubblica-e-sostenibile\/\" \/>\n<meta property=\"og:locale\" content=\"it_IT\" \/>\n<meta property=\"og:type\" content=\"article\" \/>\n<meta property=\"og:title\" content=\"PER UNA SANIT\u00c0 PUBBLICA E SOSTENIBILE - SINISTRA CIVICA\" \/>\n<meta property=\"og:description\" content=\"Per rendere il nostro Sistema Sanitario Nazionale (SSN) equo e sostenibile \u00e8 necessario dotarlo non solo di risorse adeguate, ma anche innovarne strategie e organizzazione ed agire contro le \u201cdiseguaglianze sociali che provocano diseguaglianze nella salute\u201d.Il definanziamento del Servizio Sanitario Nazionale \u00e8 stato particolarmente selettivo e ha penalizzato principalmente il personale, attraverso il blocco del [&hellip;]\" \/>\n<meta property=\"og:url\" content=\"https:\/\/sinistracivica.it\/index.php\/2021\/01\/14\/per-una-sanita-pubblica-e-sostenibile\/\" \/>\n<meta property=\"og:site_name\" content=\"SINISTRA CIVICA\" \/>\n<meta property=\"article:published_time\" content=\"2021-01-14T15:59:13+00:00\" \/>\n<meta property=\"article:modified_time\" content=\"2021-01-14T15:59:15+00:00\" \/>\n<meta property=\"og:image\" content=\"https:\/\/sinistracivica.it\/wp-content\/uploads\/2021\/01\/culture-change.jpeg\" \/>\n\t<meta property=\"og:image:width\" content=\"1000\" \/>\n\t<meta property=\"og:image:height\" content=\"455\" \/>\n\t<meta property=\"og:image:type\" content=\"image\/jpeg\" \/>\n<meta name=\"author\" content=\"admin\" \/>\n<meta name=\"twitter:card\" content=\"summary_large_image\" \/>\n<meta name=\"twitter:label1\" content=\"Scritto da\" \/>\n\t<meta name=\"twitter:data1\" content=\"admin\" \/>\n\t<meta name=\"twitter:label2\" content=\"Tempo di lettura stimato\" \/>\n\t<meta name=\"twitter:data2\" content=\"5 minuti\" \/>\n<script type=\"application\/ld+json\" class=\"yoast-schema-graph\">{\"@context\":\"https:\\\/\\\/schema.org\",\"@graph\":[{\"@type\":\"Article\",\"@id\":\"https:\\\/\\\/sinistracivica.it\\\/index.php\\\/2021\\\/01\\\/14\\\/per-una-sanita-pubblica-e-sostenibile\\\/#article\",\"isPartOf\":{\"@id\":\"https:\\\/\\\/sinistracivica.it\\\/index.php\\\/2021\\\/01\\\/14\\\/per-una-sanita-pubblica-e-sostenibile\\\/\"},\"author\":{\"name\":\"admin\",\"@id\":\"https:\\\/\\\/sinistracivica.it\\\/#\\\/schema\\\/person\\\/b8db22896ca66c1179b83eef0c7c1277\"},\"headline\":\"PER UNA SANIT\u00c0 PUBBLICA E SOSTENIBILE\",\"datePublished\":\"2021-01-14T15:59:13+00:00\",\"dateModified\":\"2021-01-14T15:59:15+00:00\",\"mainEntityOfPage\":{\"@id\":\"https:\\\/\\\/sinistracivica.it\\\/index.php\\\/2021\\\/01\\\/14\\\/per-una-sanita-pubblica-e-sostenibile\\\/\"},\"wordCount\":1084,\"commentCount\":0,\"publisher\":{\"@id\":\"https:\\\/\\\/sinistracivica.it\\\/#organization\"},\"image\":{\"@id\":\"https:\\\/\\\/sinistracivica.it\\\/index.php\\\/2021\\\/01\\\/14\\\/per-una-sanita-pubblica-e-sostenibile\\\/#primaryimage\"},\"thumbnailUrl\":\"https:\\\/\\\/sinistracivica.it\\\/wp-content\\\/uploads\\\/2021\\\/01\\\/culture-change.jpeg\",\"articleSection\":[\"articoli\"],\"inLanguage\":\"it-IT\",\"potentialAction\":[{\"@type\":\"CommentAction\",\"name\":\"Comment\",\"target\":[\"https:\\\/\\\/sinistracivica.it\\\/index.php\\\/2021\\\/01\\\/14\\\/per-una-sanita-pubblica-e-sostenibile\\\/#respond\"]}]},{\"@type\":\"WebPage\",\"@id\":\"https:\\\/\\\/sinistracivica.it\\\/index.php\\\/2021\\\/01\\\/14\\\/per-una-sanita-pubblica-e-sostenibile\\\/\",\"url\":\"https:\\\/\\\/sinistracivica.it\\\/index.php\\\/2021\\\/01\\\/14\\\/per-una-sanita-pubblica-e-sostenibile\\\/\",\"name\":\"PER UNA SANIT\u00c0 PUBBLICA E SOSTENIBILE - SINISTRA CIVICA\",\"isPartOf\":{\"@id\":\"https:\\\/\\\/sinistracivica.it\\\/#website\"},\"primaryImageOfPage\":{\"@id\":\"https:\\\/\\\/sinistracivica.it\\\/index.php\\\/2021\\\/01\\\/14\\\/per-una-sanita-pubblica-e-sostenibile\\\/#primaryimage\"},\"image\":{\"@id\":\"https:\\\/\\\/sinistracivica.it\\\/index.php\\\/2021\\\/01\\\/14\\\/per-una-sanita-pubblica-e-sostenibile\\\/#primaryimage\"},\"thumbnailUrl\":\"https:\\\/\\\/sinistracivica.it\\\/wp-content\\\/uploads\\\/2021\\\/01\\\/culture-change.jpeg\",\"datePublished\":\"2021-01-14T15:59:13+00:00\",\"dateModified\":\"2021-01-14T15:59:15+00:00\",\"breadcrumb\":{\"@id\":\"https:\\\/\\\/sinistracivica.it\\\/index.php\\\/2021\\\/01\\\/14\\\/per-una-sanita-pubblica-e-sostenibile\\\/#breadcrumb\"},\"inLanguage\":\"it-IT\",\"potentialAction\":[{\"@type\":\"ReadAction\",\"target\":[\"https:\\\/\\\/sinistracivica.it\\\/index.php\\\/2021\\\/01\\\/14\\\/per-una-sanita-pubblica-e-sostenibile\\\/\"]}]},{\"@type\":\"ImageObject\",\"inLanguage\":\"it-IT\",\"@id\":\"https:\\\/\\\/sinistracivica.it\\\/index.php\\\/2021\\\/01\\\/14\\\/per-una-sanita-pubblica-e-sostenibile\\\/#primaryimage\",\"url\":\"https:\\\/\\\/sinistracivica.it\\\/wp-content\\\/uploads\\\/2021\\\/01\\\/culture-change.jpeg\",\"contentUrl\":\"https:\\\/\\\/sinistracivica.it\\\/wp-content\\\/uploads\\\/2021\\\/01\\\/culture-change.jpeg\",\"width\":1000,\"height\":455},{\"@type\":\"BreadcrumbList\",\"@id\":\"https:\\\/\\\/sinistracivica.it\\\/index.php\\\/2021\\\/01\\\/14\\\/per-una-sanita-pubblica-e-sostenibile\\\/#breadcrumb\",\"itemListElement\":[{\"@type\":\"ListItem\",\"position\":1,\"name\":\"Home\",\"item\":\"https:\\\/\\\/sinistracivica.it\\\/\"},{\"@type\":\"ListItem\",\"position\":2,\"name\":\"PER UNA SANIT\u00c0 PUBBLICA E SOSTENIBILE\"}]},{\"@type\":\"WebSite\",\"@id\":\"https:\\\/\\\/sinistracivica.it\\\/#website\",\"url\":\"https:\\\/\\\/sinistracivica.it\\\/\",\"name\":\"SINISTRA CIVICA\",\"description\":\"\",\"publisher\":{\"@id\":\"https:\\\/\\\/sinistracivica.it\\\/#organization\"},\"potentialAction\":[{\"@type\":\"SearchAction\",\"target\":{\"@type\":\"EntryPoint\",\"urlTemplate\":\"https:\\\/\\\/sinistracivica.it\\\/?s={search_term_string}\"},\"query-input\":{\"@type\":\"PropertyValueSpecification\",\"valueRequired\":true,\"valueName\":\"search_term_string\"}}],\"inLanguage\":\"it-IT\"},{\"@type\":\"Organization\",\"@id\":\"https:\\\/\\\/sinistracivica.it\\\/#organization\",\"name\":\"SINISTRA CIVICA\",\"url\":\"https:\\\/\\\/sinistracivica.it\\\/\",\"logo\":{\"@type\":\"ImageObject\",\"inLanguage\":\"it-IT\",\"@id\":\"https:\\\/\\\/sinistracivica.it\\\/#\\\/schema\\\/logo\\\/image\\\/\",\"url\":\"https:\\\/\\\/sinistracivica.it\\\/wp-content\\\/uploads\\\/2021\\\/01\\\/cropped-Logo_ok.png\",\"contentUrl\":\"https:\\\/\\\/sinistracivica.it\\\/wp-content\\\/uploads\\\/2021\\\/01\\\/cropped-Logo_ok.png\",\"width\":512,\"height\":512,\"caption\":\"SINISTRA  CIVICA\"},\"image\":{\"@id\":\"https:\\\/\\\/sinistracivica.it\\\/#\\\/schema\\\/logo\\\/image\\\/\"}},{\"@type\":\"Person\",\"@id\":\"https:\\\/\\\/sinistracivica.it\\\/#\\\/schema\\\/person\\\/b8db22896ca66c1179b83eef0c7c1277\",\"name\":\"admin\",\"image\":{\"@type\":\"ImageObject\",\"inLanguage\":\"it-IT\",\"@id\":\"https:\\\/\\\/secure.gravatar.com\\\/avatar\\\/7fe9747f7c59ae0091a510f2ebb5c0c88544f6317840ecbb5618196cb30f5f3d?s=96&d=mm&r=g\",\"url\":\"https:\\\/\\\/secure.gravatar.com\\\/avatar\\\/7fe9747f7c59ae0091a510f2ebb5c0c88544f6317840ecbb5618196cb30f5f3d?s=96&d=mm&r=g\",\"contentUrl\":\"https:\\\/\\\/secure.gravatar.com\\\/avatar\\\/7fe9747f7c59ae0091a510f2ebb5c0c88544f6317840ecbb5618196cb30f5f3d?s=96&d=mm&r=g\",\"caption\":\"admin\"},\"url\":\"https:\\\/\\\/sinistracivica.it\\\/index.php\\\/author\\\/admin\\\/\"}]}<\/script>\n<!-- \/ Yoast SEO plugin. -->","yoast_head_json":{"title":"PER UNA SANIT\u00c0 PUBBLICA E SOSTENIBILE - SINISTRA CIVICA","robots":{"index":"index","follow":"follow","max-snippet":"max-snippet:-1","max-image-preview":"max-image-preview:large","max-video-preview":"max-video-preview:-1"},"canonical":"https:\/\/sinistracivica.it\/index.php\/2021\/01\/14\/per-una-sanita-pubblica-e-sostenibile\/","og_locale":"it_IT","og_type":"article","og_title":"PER UNA SANIT\u00c0 PUBBLICA E SOSTENIBILE - SINISTRA CIVICA","og_description":"Per rendere il nostro Sistema Sanitario Nazionale (SSN) equo e sostenibile \u00e8 necessario dotarlo non solo di risorse adeguate, ma anche innovarne strategie e organizzazione ed agire contro le \u201cdiseguaglianze sociali che provocano diseguaglianze nella salute\u201d.Il definanziamento del Servizio Sanitario Nazionale \u00e8 stato particolarmente selettivo e ha penalizzato principalmente il personale, attraverso il blocco del [&hellip;]","og_url":"https:\/\/sinistracivica.it\/index.php\/2021\/01\/14\/per-una-sanita-pubblica-e-sostenibile\/","og_site_name":"SINISTRA CIVICA","article_published_time":"2021-01-14T15:59:13+00:00","article_modified_time":"2021-01-14T15:59:15+00:00","og_image":[{"width":1000,"height":455,"url":"https:\/\/sinistracivica.it\/wp-content\/uploads\/2021\/01\/culture-change.jpeg","type":"image\/jpeg"}],"author":"admin","twitter_card":"summary_large_image","twitter_misc":{"Scritto da":"admin","Tempo di lettura stimato":"5 minuti"},"schema":{"@context":"https:\/\/schema.org","@graph":[{"@type":"Article","@id":"https:\/\/sinistracivica.it\/index.php\/2021\/01\/14\/per-una-sanita-pubblica-e-sostenibile\/#article","isPartOf":{"@id":"https:\/\/sinistracivica.it\/index.php\/2021\/01\/14\/per-una-sanita-pubblica-e-sostenibile\/"},"author":{"name":"admin","@id":"https:\/\/sinistracivica.it\/#\/schema\/person\/b8db22896ca66c1179b83eef0c7c1277"},"headline":"PER UNA SANIT\u00c0 PUBBLICA E SOSTENIBILE","datePublished":"2021-01-14T15:59:13+00:00","dateModified":"2021-01-14T15:59:15+00:00","mainEntityOfPage":{"@id":"https:\/\/sinistracivica.it\/index.php\/2021\/01\/14\/per-una-sanita-pubblica-e-sostenibile\/"},"wordCount":1084,"commentCount":0,"publisher":{"@id":"https:\/\/sinistracivica.it\/#organization"},"image":{"@id":"https:\/\/sinistracivica.it\/index.php\/2021\/01\/14\/per-una-sanita-pubblica-e-sostenibile\/#primaryimage"},"thumbnailUrl":"https:\/\/sinistracivica.it\/wp-content\/uploads\/2021\/01\/culture-change.jpeg","articleSection":["articoli"],"inLanguage":"it-IT","potentialAction":[{"@type":"CommentAction","name":"Comment","target":["https:\/\/sinistracivica.it\/index.php\/2021\/01\/14\/per-una-sanita-pubblica-e-sostenibile\/#respond"]}]},{"@type":"WebPage","@id":"https:\/\/sinistracivica.it\/index.php\/2021\/01\/14\/per-una-sanita-pubblica-e-sostenibile\/","url":"https:\/\/sinistracivica.it\/index.php\/2021\/01\/14\/per-una-sanita-pubblica-e-sostenibile\/","name":"PER UNA SANIT\u00c0 PUBBLICA E SOSTENIBILE - SINISTRA CIVICA","isPartOf":{"@id":"https:\/\/sinistracivica.it\/#website"},"primaryImageOfPage":{"@id":"https:\/\/sinistracivica.it\/index.php\/2021\/01\/14\/per-una-sanita-pubblica-e-sostenibile\/#primaryimage"},"image":{"@id":"https:\/\/sinistracivica.it\/index.php\/2021\/01\/14\/per-una-sanita-pubblica-e-sostenibile\/#primaryimage"},"thumbnailUrl":"https:\/\/sinistracivica.it\/wp-content\/uploads\/2021\/01\/culture-change.jpeg","datePublished":"2021-01-14T15:59:13+00:00","dateModified":"2021-01-14T15:59:15+00:00","breadcrumb":{"@id":"https:\/\/sinistracivica.it\/index.php\/2021\/01\/14\/per-una-sanita-pubblica-e-sostenibile\/#breadcrumb"},"inLanguage":"it-IT","potentialAction":[{"@type":"ReadAction","target":["https:\/\/sinistracivica.it\/index.php\/2021\/01\/14\/per-una-sanita-pubblica-e-sostenibile\/"]}]},{"@type":"ImageObject","inLanguage":"it-IT","@id":"https:\/\/sinistracivica.it\/index.php\/2021\/01\/14\/per-una-sanita-pubblica-e-sostenibile\/#primaryimage","url":"https:\/\/sinistracivica.it\/wp-content\/uploads\/2021\/01\/culture-change.jpeg","contentUrl":"https:\/\/sinistracivica.it\/wp-content\/uploads\/2021\/01\/culture-change.jpeg","width":1000,"height":455},{"@type":"BreadcrumbList","@id":"https:\/\/sinistracivica.it\/index.php\/2021\/01\/14\/per-una-sanita-pubblica-e-sostenibile\/#breadcrumb","itemListElement":[{"@type":"ListItem","position":1,"name":"Home","item":"https:\/\/sinistracivica.it\/"},{"@type":"ListItem","position":2,"name":"PER UNA SANIT\u00c0 PUBBLICA E SOSTENIBILE"}]},{"@type":"WebSite","@id":"https:\/\/sinistracivica.it\/#website","url":"https:\/\/sinistracivica.it\/","name":"SINISTRA CIVICA","description":"","publisher":{"@id":"https:\/\/sinistracivica.it\/#organization"},"potentialAction":[{"@type":"SearchAction","target":{"@type":"EntryPoint","urlTemplate":"https:\/\/sinistracivica.it\/?s={search_term_string}"},"query-input":{"@type":"PropertyValueSpecification","valueRequired":true,"valueName":"search_term_string"}}],"inLanguage":"it-IT"},{"@type":"Organization","@id":"https:\/\/sinistracivica.it\/#organization","name":"SINISTRA CIVICA","url":"https:\/\/sinistracivica.it\/","logo":{"@type":"ImageObject","inLanguage":"it-IT","@id":"https:\/\/sinistracivica.it\/#\/schema\/logo\/image\/","url":"https:\/\/sinistracivica.it\/wp-content\/uploads\/2021\/01\/cropped-Logo_ok.png","contentUrl":"https:\/\/sinistracivica.it\/wp-content\/uploads\/2021\/01\/cropped-Logo_ok.png","width":512,"height":512,"caption":"SINISTRA  CIVICA"},"image":{"@id":"https:\/\/sinistracivica.it\/#\/schema\/logo\/image\/"}},{"@type":"Person","@id":"https:\/\/sinistracivica.it\/#\/schema\/person\/b8db22896ca66c1179b83eef0c7c1277","name":"admin","image":{"@type":"ImageObject","inLanguage":"it-IT","@id":"https:\/\/secure.gravatar.com\/avatar\/7fe9747f7c59ae0091a510f2ebb5c0c88544f6317840ecbb5618196cb30f5f3d?s=96&d=mm&r=g","url":"https:\/\/secure.gravatar.com\/avatar\/7fe9747f7c59ae0091a510f2ebb5c0c88544f6317840ecbb5618196cb30f5f3d?s=96&d=mm&r=g","contentUrl":"https:\/\/secure.gravatar.com\/avatar\/7fe9747f7c59ae0091a510f2ebb5c0c88544f6317840ecbb5618196cb30f5f3d?s=96&d=mm&r=g","caption":"admin"},"url":"https:\/\/sinistracivica.it\/index.php\/author\/admin\/"}]}},"views":1233,"_links":{"self":[{"href":"https:\/\/sinistracivica.it\/index.php\/wp-json\/wp\/v2\/posts\/1477","targetHints":{"allow":["GET"]}}],"collection":[{"href":"https:\/\/sinistracivica.it\/index.php\/wp-json\/wp\/v2\/posts"}],"about":[{"href":"https:\/\/sinistracivica.it\/index.php\/wp-json\/wp\/v2\/types\/post"}],"author":[{"embeddable":true,"href":"https:\/\/sinistracivica.it\/index.php\/wp-json\/wp\/v2\/users\/1"}],"replies":[{"embeddable":true,"href":"https:\/\/sinistracivica.it\/index.php\/wp-json\/wp\/v2\/comments?post=1477"}],"version-history":[{"count":1,"href":"https:\/\/sinistracivica.it\/index.php\/wp-json\/wp\/v2\/posts\/1477\/revisions"}],"predecessor-version":[{"id":1479,"href":"https:\/\/sinistracivica.it\/index.php\/wp-json\/wp\/v2\/posts\/1477\/revisions\/1479"}],"wp:featuredmedia":[{"embeddable":true,"href":"https:\/\/sinistracivica.it\/index.php\/wp-json\/wp\/v2\/media\/1478"}],"wp:attachment":[{"href":"https:\/\/sinistracivica.it\/index.php\/wp-json\/wp\/v2\/media?parent=1477"}],"wp:term":[{"taxonomy":"category","embeddable":true,"href":"https:\/\/sinistracivica.it\/index.php\/wp-json\/wp\/v2\/categories?post=1477"},{"taxonomy":"post_tag","embeddable":true,"href":"https:\/\/sinistracivica.it\/index.php\/wp-json\/wp\/v2\/tags?post=1477"}],"curies":[{"name":"wp","href":"https:\/\/api.w.org\/{rel}","templated":true}]}}