{"id":1471,"date":"2021-01-14T14:02:42","date_gmt":"2021-01-14T14:02:42","guid":{"rendered":"https:\/\/sinistracivica.it\/?p=1471"},"modified":"2021-01-14T14:02:44","modified_gmt":"2021-01-14T14:02:44","slug":"limpronta-ecologica-nel-mondo-in-italia-e-nella-venaria","status":"publish","type":"post","link":"https:\/\/sinistracivica.it\/index.php\/2021\/01\/14\/limpronta-ecologica-nel-mondo-in-italia-e-nella-venaria\/","title":{"rendered":"L\u2019IMPRONTA ECOLOGICA nel mondo, in Italia e nella Venaria"},"content":{"rendered":"\n<p><\/p>\n\n\n\n<p>Definizione di<span class=\"has-inline-color has-black-color\"> <strong>biocapacit\u00e0<\/strong> <\/span>(<span style=\"color:#151515\" class=\"has-inline-color\"><strong>B<\/strong><\/span>io<strong>C<\/strong>apacity \u21d2 <strong>BC<\/strong>):<span style=\"color:#0876b5\" class=\"has-inline-color\"> insieme dei servizi ecologici erogati dagli ecosistemi locali, stimata attraverso la quantificazione della superficie dei terreni ecologicamente produttivi che sono presenti all\u2019interno della regione in esame.<\/span><br>Definizione di <strong>impronta ecologica<\/strong> (<strong>E<\/strong>cological<strong> F<\/strong>ootprint \u21d2<strong> EF<\/strong>):<span class=\"has-inline-color has-vivid-cyan-blue-color\"> <\/span><span style=\"color:#066fe5\" class=\"has-inline-color\">area totale di ecosistemi terrestri ed acquatici richiesta per produrre le risorse che la popolazione di una comunit\u00e0 consuma e per assimilare i rifiuti che la popolazione stessa produce.<\/span><br>La prima definizione riguarda il totale della massima potenzialit\u00e0 di produzione di materie e di energia e di capacit\u00e0 di smaltimento di rifiuti da parte del pianeta. La seconda il consumo totale di materie e di energia e la produzione di rifiuti della popolazione del pianeta. Sono valori (produzione\/consumo) espressi con la stessa unit\u00e0 di misura [ha\/anno], quindi confrontabili.<br>Dividendo il valore totale della biocapacit\u00e0 globale per il numero di abitanti del pianeta (quasi 7,8 miliardi) e considerando che una frazione del 12 % va riservata alle altre comunit\u00e0 viventi, risulta una<strong> disponibilit\u00e0 media pro-capite pari 1,83 ha\/anno.<\/strong><br>Il valore 1,83 ha\/anno \u00e8 la porzione della capacit\u00e0 biologica del pianeta a disposizione del cittadino medio. Oppure \u00e8 l\u2019impronta ecologica \u201cteorica\u201d, cio\u00e8 quanto necessario per il sostentamento della singola persona a condizione che l\u2019intero patrimonio del pianeta a disposizione dell\u2019umanit\u00e0, senza sfruttamento superiore alla sua \u201cbiocapacit\u00e0\u201d, fosse perfettamente ed equamente ripartito tra tutti i 7,8 miliardi di abitanti. Ma il valore medio \u201creale\u201d procapite \u00e8 superiore: circa 2,90 ha. Ci\u00f2 significa che l\u2019umanit\u00e0 sta consumando le risorse del pianeta ad un ritmo superiore a quanto il pianeta stesso riesce a riprodurre; vale il rapporto EF\/BC = 2,90\/1,83 = 1,58. In sintesi l\u2019equazione di<strong> bilancio ecologico<\/strong><br>(<strong>E<\/strong>cological <strong>B<\/strong>udget \u21d2 <strong>EB<\/strong>) \u00e8 la seguente: <strong>EB = BC &#8211; EF = 1,83 &#8211; 2,90 = &#8211; 1,07 ha<\/strong><\/p>\n\n\n\n<p>Una situazione di Deficit evidente. Il succitato rapporto EF\/BC = 1,58 si pu\u00f2 esprimere anche come somma 1,00 + 0,58. Quello \u201c0,58\u201d significa che: <strong>l\u2019umanit\u00e0 consuma risorse per un totale del 58 % superiore a quanto il pianeta \u00e8 in grado di produrre.<\/strong> Il dato che in tal modo si ottiene serve per determinare il giorno in cui la popolazione mondiale ha consumato tutte le risorse terrestri disponibili: per il 2019 si \u00e8 manifestato il<strong> 29 luglio <\/strong>(<span style=\"color:#0e6292\" class=\"has-inline-color\">Earth<\/span><br><span style=\"color:#0632e5\" class=\"has-inline-color\">Overshoot Day<\/span>); dal giorno successivo il pianeta viene sovrasfruttato dall\u2019uomo, consumandolo circa 1,6 volte pi\u00f9 velocemente della capacit\u00e0 naturale degli ecosistemi di rigenerarsi.<\/p>\n\n\n\n<p>Secondo il Global Footprint Network (organizzazione internazionale fondata nel 2003 con basi negli USA, Belgio e Svizzera) ogni anno questa giornata si manifesta prima a causa dell\u2019aumento dei consumi mondiali di natura. Nel 2017 fu \u201ccelebrata\u201d il 2 agosto, nel 2010 il 9 agosto, nel 2000 il 23<br>settembre,\u2026 il 21 dicembre nel 1971. Il deficit inizi\u00f2 a manifestarsi dalla fine degli anni Sessanta, come illustrato nel grafico seguente.<br>L\u2019impronta ecologica media annua procapite dell\u2019Italia vale, per l\u2019anno 2017, EF = 4,5 ha, e la sua biocapacit\u00e0 BC = 1,1 ha. Risulta un deficit elevato, come accade, in generale, per i paesi pi\u00f9 ricchi del pianeta. Fino agli anni Cinquanta il nostro Paese era in grado di autosostenersi; in pochi anni<br>l\u2019impronta \u00e8 rapidamente aumentata: nel 2017 l\u2019Italy Overshoot Day si manifest\u00f2 il 19 maggio, 70 giorni prima del succitato Earth Overshoot Day!<\/p>\n\n\n\n<p><strong>Per soddisfare la domanda degli italiani occorrerebbero 4 \u201cItalie\u201d.<\/strong> Se tutte le persone del pianeta consumassero quanto gli italiani sarebbero necessarie risorse di 2,6 pianeti. <strong>L\u2019impronta ecologica del cittadino medio della Venaria Reale \u00e8 leggermente superiore a quella media italiana, intorno a 5 ha.<\/strong><\/p>\n\n\n\n<p>L\u2019impronta ecologica media procapite del cittadino USA \u00e8 10 ha, contro una disponibilit\u00e0 di suolo produttivo, sul suo territorio, di 5 ha (deficit di circa 5 ha). Un americano medio produce 730 kg\/anno di rifiuti, mangia 100 kg\/anno di carne, consuma 600 L di acqua\/giorno e brucia energia quanto 4<br>italiani, 160 tanzaniani e 1.100 ruandesi. Ogni cittadino americano produce CO2 in quantit\u00e0 27 volte la quota calcolata come \u201csostenibile\u201d; per ogni italiano risulta un valore di 7,4 volte la quota sostenibile, mentre un cittadino dei paesi poveri produce appena 1\/5 di quella quota. I paesi poveri hanno deficit bassi o positivi, in media, 0,5 ha contro i quasi due che spetterebbero loro; il Bangladesh con un valore inferiore a 0,1 ha.<br>L\u2019insieme dei sistemi produttivi del territorio italiano potrebbe fornire, a ciascuno dei 60 milioni di italiani, una impronta ecologica di 1,04 ha: il popolo italiano consuma risorse per le quali sarebbe necessario un territorio oltre 4 volte pi\u00f9 grande (5 volte se considerassimo il cittadino medio di Venaria). Tre cittadini poveri del Mondo vivono di stenti per consentire lo stile di vita di un italiano medio (quasi 10 quelli per mantenere il cittadino medio americano). Un italiano medio produce 398<br>kg\/anno di rifiuti e quasi il doppio di CO2 rispetto alla media mondiale, consuma 150 kg\/anno di carta (4 volte la media mondiale), il triplo dei combustibili fossili rispetto alla media mondiale e 23 volte di un indiano e possiede un\u2019auto ogni due individui (una ogni dieci la media mondiale, una ogni 500 quella indiana).<br><strong>CONCLUSIONI:<\/strong> <span style=\"color:#08466a\" class=\"has-inline-color\">per diventare ecologicamente sostenibili (e pi\u00f9 equi) dovremmo ridurre i nostri consumi del 75 %<\/span><span style=\"color:#13608d\" class=\"has-inline-color\">. <\/span><\/p>\n\n\n\n<p><strong>Cosa ci\u00f2 pu\u00f2 significare sul piano politico?<\/strong><\/p>\n\n\n\n<p>Per saperne di pi\u00f9: www.green-crest.blog \u21d2 area didattico\/divulgativa \u21d2 \u201c2018 &#8211; impronta ecologica.pdf\u201d<br><strong>Venaria Reale<\/strong>, agosto 2019<br><strong>Gian Carlo PEROSINO<\/strong><\/p>\n","protected":false},"excerpt":{"rendered":"<p>Definizione di biocapacit\u00e0 (BioCapacity \u21d2 BC): insieme dei servizi ecologici erogati dagli ecosistemi locali, stimata attraverso la quantificazione della superficie dei terreni ecologicamente produttivi che sono presenti all\u2019interno della regione in esame.Definizione di impronta ecologica (Ecological Footprint \u21d2 EF): area totale di ecosistemi terrestri ed acquatici richiesta per produrre le risorse che la popolazione di [&hellip;]<\/p>\n","protected":false},"author":1,"featured_media":1476,"comment_status":"open","ping_status":"open","sticky":false,"template":"","format":"standard","meta":{"footnotes":""},"categories":[8],"tags":[],"class_list":["post-1471","post","type-post","status-publish","format-standard","has-post-thumbnail","hentry","category-articoli"],"yoast_head":"<!-- This site is optimized with the Yoast SEO plugin v27.5 - https:\/\/yoast.com\/product\/yoast-seo-wordpress\/ -->\n<title>L\u2019IMPRONTA ECOLOGICA nel mondo, in Italia e nella Venaria - SINISTRA CIVICA<\/title>\n<meta name=\"robots\" content=\"index, follow, max-snippet:-1, max-image-preview:large, max-video-preview:-1\" \/>\n<link rel=\"canonical\" href=\"https:\/\/sinistracivica.it\/index.php\/2021\/01\/14\/limpronta-ecologica-nel-mondo-in-italia-e-nella-venaria\/\" \/>\n<meta property=\"og:locale\" content=\"it_IT\" \/>\n<meta property=\"og:type\" content=\"article\" \/>\n<meta property=\"og:title\" content=\"L\u2019IMPRONTA ECOLOGICA nel mondo, in Italia e nella Venaria - SINISTRA CIVICA\" \/>\n<meta property=\"og:description\" content=\"Definizione di biocapacit\u00e0 (BioCapacity \u21d2 BC): insieme dei servizi ecologici erogati dagli ecosistemi locali, stimata attraverso la quantificazione della superficie dei terreni ecologicamente produttivi che sono presenti all\u2019interno della regione in esame.Definizione di impronta ecologica (Ecological Footprint \u21d2 EF): area totale di ecosistemi terrestri ed acquatici richiesta per produrre le risorse che la popolazione di [&hellip;]\" \/>\n<meta property=\"og:url\" content=\"https:\/\/sinistracivica.it\/index.php\/2021\/01\/14\/limpronta-ecologica-nel-mondo-in-italia-e-nella-venaria\/\" \/>\n<meta property=\"og:site_name\" content=\"SINISTRA CIVICA\" \/>\n<meta property=\"article:published_time\" content=\"2021-01-14T14:02:42+00:00\" \/>\n<meta property=\"article:modified_time\" content=\"2021-01-14T14:02:44+00:00\" \/>\n<meta property=\"og:image\" content=\"https:\/\/sinistracivica.it\/wp-content\/uploads\/2021\/01\/grafico-Impronta-biocapacita-globo.jpg\" \/>\n\t<meta property=\"og:image:width\" content=\"1993\" \/>\n\t<meta property=\"og:image:height\" content=\"906\" \/>\n\t<meta property=\"og:image:type\" content=\"image\/jpeg\" \/>\n<meta name=\"author\" content=\"admin\" \/>\n<meta name=\"twitter:card\" content=\"summary_large_image\" \/>\n<meta name=\"twitter:label1\" content=\"Scritto da\" \/>\n\t<meta name=\"twitter:data1\" content=\"admin\" \/>\n\t<meta name=\"twitter:label2\" content=\"Tempo di lettura stimato\" \/>\n\t<meta name=\"twitter:data2\" content=\"4 minuti\" \/>\n<script type=\"application\/ld+json\" class=\"yoast-schema-graph\">{\"@context\":\"https:\\\/\\\/schema.org\",\"@graph\":[{\"@type\":\"Article\",\"@id\":\"https:\\\/\\\/sinistracivica.it\\\/index.php\\\/2021\\\/01\\\/14\\\/limpronta-ecologica-nel-mondo-in-italia-e-nella-venaria\\\/#article\",\"isPartOf\":{\"@id\":\"https:\\\/\\\/sinistracivica.it\\\/index.php\\\/2021\\\/01\\\/14\\\/limpronta-ecologica-nel-mondo-in-italia-e-nella-venaria\\\/\"},\"author\":{\"name\":\"admin\",\"@id\":\"https:\\\/\\\/sinistracivica.it\\\/#\\\/schema\\\/person\\\/b8db22896ca66c1179b83eef0c7c1277\"},\"headline\":\"L\u2019IMPRONTA ECOLOGICA nel mondo, in Italia e nella Venaria\",\"datePublished\":\"2021-01-14T14:02:42+00:00\",\"dateModified\":\"2021-01-14T14:02:44+00:00\",\"mainEntityOfPage\":{\"@id\":\"https:\\\/\\\/sinistracivica.it\\\/index.php\\\/2021\\\/01\\\/14\\\/limpronta-ecologica-nel-mondo-in-italia-e-nella-venaria\\\/\"},\"wordCount\":834,\"commentCount\":0,\"publisher\":{\"@id\":\"https:\\\/\\\/sinistracivica.it\\\/#organization\"},\"image\":{\"@id\":\"https:\\\/\\\/sinistracivica.it\\\/index.php\\\/2021\\\/01\\\/14\\\/limpronta-ecologica-nel-mondo-in-italia-e-nella-venaria\\\/#primaryimage\"},\"thumbnailUrl\":\"https:\\\/\\\/sinistracivica.it\\\/wp-content\\\/uploads\\\/2021\\\/01\\\/grafico-Impronta-biocapacita-globo.jpg\",\"articleSection\":[\"articoli\"],\"inLanguage\":\"it-IT\",\"potentialAction\":[{\"@type\":\"CommentAction\",\"name\":\"Comment\",\"target\":[\"https:\\\/\\\/sinistracivica.it\\\/index.php\\\/2021\\\/01\\\/14\\\/limpronta-ecologica-nel-mondo-in-italia-e-nella-venaria\\\/#respond\"]}]},{\"@type\":\"WebPage\",\"@id\":\"https:\\\/\\\/sinistracivica.it\\\/index.php\\\/2021\\\/01\\\/14\\\/limpronta-ecologica-nel-mondo-in-italia-e-nella-venaria\\\/\",\"url\":\"https:\\\/\\\/sinistracivica.it\\\/index.php\\\/2021\\\/01\\\/14\\\/limpronta-ecologica-nel-mondo-in-italia-e-nella-venaria\\\/\",\"name\":\"L\u2019IMPRONTA ECOLOGICA nel mondo, in Italia e nella Venaria - SINISTRA CIVICA\",\"isPartOf\":{\"@id\":\"https:\\\/\\\/sinistracivica.it\\\/#website\"},\"primaryImageOfPage\":{\"@id\":\"https:\\\/\\\/sinistracivica.it\\\/index.php\\\/2021\\\/01\\\/14\\\/limpronta-ecologica-nel-mondo-in-italia-e-nella-venaria\\\/#primaryimage\"},\"image\":{\"@id\":\"https:\\\/\\\/sinistracivica.it\\\/index.php\\\/2021\\\/01\\\/14\\\/limpronta-ecologica-nel-mondo-in-italia-e-nella-venaria\\\/#primaryimage\"},\"thumbnailUrl\":\"https:\\\/\\\/sinistracivica.it\\\/wp-content\\\/uploads\\\/2021\\\/01\\\/grafico-Impronta-biocapacita-globo.jpg\",\"datePublished\":\"2021-01-14T14:02:42+00:00\",\"dateModified\":\"2021-01-14T14:02:44+00:00\",\"breadcrumb\":{\"@id\":\"https:\\\/\\\/sinistracivica.it\\\/index.php\\\/2021\\\/01\\\/14\\\/limpronta-ecologica-nel-mondo-in-italia-e-nella-venaria\\\/#breadcrumb\"},\"inLanguage\":\"it-IT\",\"potentialAction\":[{\"@type\":\"ReadAction\",\"target\":[\"https:\\\/\\\/sinistracivica.it\\\/index.php\\\/2021\\\/01\\\/14\\\/limpronta-ecologica-nel-mondo-in-italia-e-nella-venaria\\\/\"]}]},{\"@type\":\"ImageObject\",\"inLanguage\":\"it-IT\",\"@id\":\"https:\\\/\\\/sinistracivica.it\\\/index.php\\\/2021\\\/01\\\/14\\\/limpronta-ecologica-nel-mondo-in-italia-e-nella-venaria\\\/#primaryimage\",\"url\":\"https:\\\/\\\/sinistracivica.it\\\/wp-content\\\/uploads\\\/2021\\\/01\\\/grafico-Impronta-biocapacita-globo.jpg\",\"contentUrl\":\"https:\\\/\\\/sinistracivica.it\\\/wp-content\\\/uploads\\\/2021\\\/01\\\/grafico-Impronta-biocapacita-globo.jpg\",\"width\":1993,\"height\":906},{\"@type\":\"BreadcrumbList\",\"@id\":\"https:\\\/\\\/sinistracivica.it\\\/index.php\\\/2021\\\/01\\\/14\\\/limpronta-ecologica-nel-mondo-in-italia-e-nella-venaria\\\/#breadcrumb\",\"itemListElement\":[{\"@type\":\"ListItem\",\"position\":1,\"name\":\"Home\",\"item\":\"https:\\\/\\\/sinistracivica.it\\\/\"},{\"@type\":\"ListItem\",\"position\":2,\"name\":\"L\u2019IMPRONTA ECOLOGICA nel mondo, in Italia e nella Venaria\"}]},{\"@type\":\"WebSite\",\"@id\":\"https:\\\/\\\/sinistracivica.it\\\/#website\",\"url\":\"https:\\\/\\\/sinistracivica.it\\\/\",\"name\":\"SINISTRA CIVICA\",\"description\":\"\",\"publisher\":{\"@id\":\"https:\\\/\\\/sinistracivica.it\\\/#organization\"},\"potentialAction\":[{\"@type\":\"SearchAction\",\"target\":{\"@type\":\"EntryPoint\",\"urlTemplate\":\"https:\\\/\\\/sinistracivica.it\\\/?s={search_term_string}\"},\"query-input\":{\"@type\":\"PropertyValueSpecification\",\"valueRequired\":true,\"valueName\":\"search_term_string\"}}],\"inLanguage\":\"it-IT\"},{\"@type\":\"Organization\",\"@id\":\"https:\\\/\\\/sinistracivica.it\\\/#organization\",\"name\":\"SINISTRA CIVICA\",\"url\":\"https:\\\/\\\/sinistracivica.it\\\/\",\"logo\":{\"@type\":\"ImageObject\",\"inLanguage\":\"it-IT\",\"@id\":\"https:\\\/\\\/sinistracivica.it\\\/#\\\/schema\\\/logo\\\/image\\\/\",\"url\":\"https:\\\/\\\/sinistracivica.it\\\/wp-content\\\/uploads\\\/2021\\\/01\\\/cropped-Logo_ok.png\",\"contentUrl\":\"https:\\\/\\\/sinistracivica.it\\\/wp-content\\\/uploads\\\/2021\\\/01\\\/cropped-Logo_ok.png\",\"width\":512,\"height\":512,\"caption\":\"SINISTRA  CIVICA\"},\"image\":{\"@id\":\"https:\\\/\\\/sinistracivica.it\\\/#\\\/schema\\\/logo\\\/image\\\/\"}},{\"@type\":\"Person\",\"@id\":\"https:\\\/\\\/sinistracivica.it\\\/#\\\/schema\\\/person\\\/b8db22896ca66c1179b83eef0c7c1277\",\"name\":\"admin\",\"image\":{\"@type\":\"ImageObject\",\"inLanguage\":\"it-IT\",\"@id\":\"https:\\\/\\\/secure.gravatar.com\\\/avatar\\\/7fe9747f7c59ae0091a510f2ebb5c0c88544f6317840ecbb5618196cb30f5f3d?s=96&d=mm&r=g\",\"url\":\"https:\\\/\\\/secure.gravatar.com\\\/avatar\\\/7fe9747f7c59ae0091a510f2ebb5c0c88544f6317840ecbb5618196cb30f5f3d?s=96&d=mm&r=g\",\"contentUrl\":\"https:\\\/\\\/secure.gravatar.com\\\/avatar\\\/7fe9747f7c59ae0091a510f2ebb5c0c88544f6317840ecbb5618196cb30f5f3d?s=96&d=mm&r=g\",\"caption\":\"admin\"},\"url\":\"https:\\\/\\\/sinistracivica.it\\\/index.php\\\/author\\\/admin\\\/\"}]}<\/script>\n<!-- \/ Yoast SEO plugin. -->","yoast_head_json":{"title":"L\u2019IMPRONTA ECOLOGICA nel mondo, in Italia e nella Venaria - SINISTRA CIVICA","robots":{"index":"index","follow":"follow","max-snippet":"max-snippet:-1","max-image-preview":"max-image-preview:large","max-video-preview":"max-video-preview:-1"},"canonical":"https:\/\/sinistracivica.it\/index.php\/2021\/01\/14\/limpronta-ecologica-nel-mondo-in-italia-e-nella-venaria\/","og_locale":"it_IT","og_type":"article","og_title":"L\u2019IMPRONTA ECOLOGICA nel mondo, in Italia e nella Venaria - SINISTRA CIVICA","og_description":"Definizione di biocapacit\u00e0 (BioCapacity \u21d2 BC): insieme dei servizi ecologici erogati dagli ecosistemi locali, stimata attraverso la quantificazione della superficie dei terreni ecologicamente produttivi che sono presenti all\u2019interno della regione in esame.Definizione di impronta ecologica (Ecological Footprint \u21d2 EF): area totale di ecosistemi terrestri ed acquatici richiesta per produrre le risorse che la popolazione di [&hellip;]","og_url":"https:\/\/sinistracivica.it\/index.php\/2021\/01\/14\/limpronta-ecologica-nel-mondo-in-italia-e-nella-venaria\/","og_site_name":"SINISTRA CIVICA","article_published_time":"2021-01-14T14:02:42+00:00","article_modified_time":"2021-01-14T14:02:44+00:00","og_image":[{"width":1993,"height":906,"url":"https:\/\/sinistracivica.it\/wp-content\/uploads\/2021\/01\/grafico-Impronta-biocapacita-globo.jpg","type":"image\/jpeg"}],"author":"admin","twitter_card":"summary_large_image","twitter_misc":{"Scritto da":"admin","Tempo di lettura stimato":"4 minuti"},"schema":{"@context":"https:\/\/schema.org","@graph":[{"@type":"Article","@id":"https:\/\/sinistracivica.it\/index.php\/2021\/01\/14\/limpronta-ecologica-nel-mondo-in-italia-e-nella-venaria\/#article","isPartOf":{"@id":"https:\/\/sinistracivica.it\/index.php\/2021\/01\/14\/limpronta-ecologica-nel-mondo-in-italia-e-nella-venaria\/"},"author":{"name":"admin","@id":"https:\/\/sinistracivica.it\/#\/schema\/person\/b8db22896ca66c1179b83eef0c7c1277"},"headline":"L\u2019IMPRONTA ECOLOGICA nel mondo, in Italia e nella Venaria","datePublished":"2021-01-14T14:02:42+00:00","dateModified":"2021-01-14T14:02:44+00:00","mainEntityOfPage":{"@id":"https:\/\/sinistracivica.it\/index.php\/2021\/01\/14\/limpronta-ecologica-nel-mondo-in-italia-e-nella-venaria\/"},"wordCount":834,"commentCount":0,"publisher":{"@id":"https:\/\/sinistracivica.it\/#organization"},"image":{"@id":"https:\/\/sinistracivica.it\/index.php\/2021\/01\/14\/limpronta-ecologica-nel-mondo-in-italia-e-nella-venaria\/#primaryimage"},"thumbnailUrl":"https:\/\/sinistracivica.it\/wp-content\/uploads\/2021\/01\/grafico-Impronta-biocapacita-globo.jpg","articleSection":["articoli"],"inLanguage":"it-IT","potentialAction":[{"@type":"CommentAction","name":"Comment","target":["https:\/\/sinistracivica.it\/index.php\/2021\/01\/14\/limpronta-ecologica-nel-mondo-in-italia-e-nella-venaria\/#respond"]}]},{"@type":"WebPage","@id":"https:\/\/sinistracivica.it\/index.php\/2021\/01\/14\/limpronta-ecologica-nel-mondo-in-italia-e-nella-venaria\/","url":"https:\/\/sinistracivica.it\/index.php\/2021\/01\/14\/limpronta-ecologica-nel-mondo-in-italia-e-nella-venaria\/","name":"L\u2019IMPRONTA ECOLOGICA nel mondo, in Italia e nella Venaria - SINISTRA CIVICA","isPartOf":{"@id":"https:\/\/sinistracivica.it\/#website"},"primaryImageOfPage":{"@id":"https:\/\/sinistracivica.it\/index.php\/2021\/01\/14\/limpronta-ecologica-nel-mondo-in-italia-e-nella-venaria\/#primaryimage"},"image":{"@id":"https:\/\/sinistracivica.it\/index.php\/2021\/01\/14\/limpronta-ecologica-nel-mondo-in-italia-e-nella-venaria\/#primaryimage"},"thumbnailUrl":"https:\/\/sinistracivica.it\/wp-content\/uploads\/2021\/01\/grafico-Impronta-biocapacita-globo.jpg","datePublished":"2021-01-14T14:02:42+00:00","dateModified":"2021-01-14T14:02:44+00:00","breadcrumb":{"@id":"https:\/\/sinistracivica.it\/index.php\/2021\/01\/14\/limpronta-ecologica-nel-mondo-in-italia-e-nella-venaria\/#breadcrumb"},"inLanguage":"it-IT","potentialAction":[{"@type":"ReadAction","target":["https:\/\/sinistracivica.it\/index.php\/2021\/01\/14\/limpronta-ecologica-nel-mondo-in-italia-e-nella-venaria\/"]}]},{"@type":"ImageObject","inLanguage":"it-IT","@id":"https:\/\/sinistracivica.it\/index.php\/2021\/01\/14\/limpronta-ecologica-nel-mondo-in-italia-e-nella-venaria\/#primaryimage","url":"https:\/\/sinistracivica.it\/wp-content\/uploads\/2021\/01\/grafico-Impronta-biocapacita-globo.jpg","contentUrl":"https:\/\/sinistracivica.it\/wp-content\/uploads\/2021\/01\/grafico-Impronta-biocapacita-globo.jpg","width":1993,"height":906},{"@type":"BreadcrumbList","@id":"https:\/\/sinistracivica.it\/index.php\/2021\/01\/14\/limpronta-ecologica-nel-mondo-in-italia-e-nella-venaria\/#breadcrumb","itemListElement":[{"@type":"ListItem","position":1,"name":"Home","item":"https:\/\/sinistracivica.it\/"},{"@type":"ListItem","position":2,"name":"L\u2019IMPRONTA ECOLOGICA nel mondo, in Italia e nella Venaria"}]},{"@type":"WebSite","@id":"https:\/\/sinistracivica.it\/#website","url":"https:\/\/sinistracivica.it\/","name":"SINISTRA CIVICA","description":"","publisher":{"@id":"https:\/\/sinistracivica.it\/#organization"},"potentialAction":[{"@type":"SearchAction","target":{"@type":"EntryPoint","urlTemplate":"https:\/\/sinistracivica.it\/?s={search_term_string}"},"query-input":{"@type":"PropertyValueSpecification","valueRequired":true,"valueName":"search_term_string"}}],"inLanguage":"it-IT"},{"@type":"Organization","@id":"https:\/\/sinistracivica.it\/#organization","name":"SINISTRA CIVICA","url":"https:\/\/sinistracivica.it\/","logo":{"@type":"ImageObject","inLanguage":"it-IT","@id":"https:\/\/sinistracivica.it\/#\/schema\/logo\/image\/","url":"https:\/\/sinistracivica.it\/wp-content\/uploads\/2021\/01\/cropped-Logo_ok.png","contentUrl":"https:\/\/sinistracivica.it\/wp-content\/uploads\/2021\/01\/cropped-Logo_ok.png","width":512,"height":512,"caption":"SINISTRA  CIVICA"},"image":{"@id":"https:\/\/sinistracivica.it\/#\/schema\/logo\/image\/"}},{"@type":"Person","@id":"https:\/\/sinistracivica.it\/#\/schema\/person\/b8db22896ca66c1179b83eef0c7c1277","name":"admin","image":{"@type":"ImageObject","inLanguage":"it-IT","@id":"https:\/\/secure.gravatar.com\/avatar\/7fe9747f7c59ae0091a510f2ebb5c0c88544f6317840ecbb5618196cb30f5f3d?s=96&d=mm&r=g","url":"https:\/\/secure.gravatar.com\/avatar\/7fe9747f7c59ae0091a510f2ebb5c0c88544f6317840ecbb5618196cb30f5f3d?s=96&d=mm&r=g","contentUrl":"https:\/\/secure.gravatar.com\/avatar\/7fe9747f7c59ae0091a510f2ebb5c0c88544f6317840ecbb5618196cb30f5f3d?s=96&d=mm&r=g","caption":"admin"},"url":"https:\/\/sinistracivica.it\/index.php\/author\/admin\/"}]}},"views":6261,"_links":{"self":[{"href":"https:\/\/sinistracivica.it\/index.php\/wp-json\/wp\/v2\/posts\/1471","targetHints":{"allow":["GET"]}}],"collection":[{"href":"https:\/\/sinistracivica.it\/index.php\/wp-json\/wp\/v2\/posts"}],"about":[{"href":"https:\/\/sinistracivica.it\/index.php\/wp-json\/wp\/v2\/types\/post"}],"author":[{"embeddable":true,"href":"https:\/\/sinistracivica.it\/index.php\/wp-json\/wp\/v2\/users\/1"}],"replies":[{"embeddable":true,"href":"https:\/\/sinistracivica.it\/index.php\/wp-json\/wp\/v2\/comments?post=1471"}],"version-history":[{"count":1,"href":"https:\/\/sinistracivica.it\/index.php\/wp-json\/wp\/v2\/posts\/1471\/revisions"}],"predecessor-version":[{"id":1472,"href":"https:\/\/sinistracivica.it\/index.php\/wp-json\/wp\/v2\/posts\/1471\/revisions\/1472"}],"wp:featuredmedia":[{"embeddable":true,"href":"https:\/\/sinistracivica.it\/index.php\/wp-json\/wp\/v2\/media\/1476"}],"wp:attachment":[{"href":"https:\/\/sinistracivica.it\/index.php\/wp-json\/wp\/v2\/media?parent=1471"}],"wp:term":[{"taxonomy":"category","embeddable":true,"href":"https:\/\/sinistracivica.it\/index.php\/wp-json\/wp\/v2\/categories?post=1471"},{"taxonomy":"post_tag","embeddable":true,"href":"https:\/\/sinistracivica.it\/index.php\/wp-json\/wp\/v2\/tags?post=1471"}],"curies":[{"name":"wp","href":"https:\/\/api.w.org\/{rel}","templated":true}]}}