{"id":1394,"date":"2020-12-22T16:46:52","date_gmt":"2020-12-22T16:46:52","guid":{"rendered":"https:\/\/sinistracivica.it\/?p=1394"},"modified":"2020-12-22T16:46:53","modified_gmt":"2020-12-22T16:46:53","slug":"antropocene-ovvero-la-sesta-estinzione-della-biodiversita-di-massa","status":"publish","type":"post","link":"https:\/\/sinistracivica.it\/index.php\/2020\/12\/22\/antropocene-ovvero-la-sesta-estinzione-della-biodiversita-di-massa\/","title":{"rendered":"ANTROPOCENE: ovvero la sesta estinzione della biodiversit\u00e0 di massa"},"content":{"rendered":"\n<p>In cento anni 27.000 specie di animali si sono estinte e la colpa \u00e8 nostra. Dall\u2019inizio del 1900 le specie animali che popolano il Pianeta si sono pi\u00f9 che dimezzate. Circa un milione di specie animali e vegetali rischiano l\u2019estinzion. Secondo il rapporto del 2019 del panel dell\u2019Onu sulla biodiversit\u00e0 si tratta di un numero senza precedenti nella storia dell\u2019umanit\u00e0 (B. CELLI, 2020). Negli ultimi cinquecento milioni di anni ci sono state cinque grandi estinzioni di massa (e l\u2019uomo non esisteva ancora), causate da rapidi sconvolgimenti ecologici: impatti di asteroidi, grandi eruzioni vulcaniche, cambiamenti climatici globali, oscillazioni di livello di ossigeno nei mari, deriva dei continenti,&#8230; Ma oggi se ne sta annunciando una sesta: in questa l\u2019uomo \u201csapiens\u201d (o\u201cdemens\u201d, ovvero l\u2019uomo che \u00e8 una commistione, un ibrido di ragione ed emozione, saggezza e follia, ordine e disordine, calma e irrequietezza, crisi e progetto, rigore ed eccesso e persino santit\u00e0 e delirio.) \u00e8 pesantemente presente. Il sovrappopolamento, la deforestazione, il consumo di suolo, l\u2019aumento delle aree urbanizzate e l\u2019intrusione dell\u2019uomo negli ambienti naturali, il disboscamento a favore di agricoltura e di allevamenti intensivi, le estrazioni minerarie, le cementificazioni selvagge, i vari inquinamenti dell\u2019aria e dell\u2019acqua,&#8230; stanno portando al depauperamento degli ecosistemi, alla riduzione della capacit\u00e0 dei sistemi naturali di immagazzinare carbonio, alla maggiore diffusione di agenti patogeni. Molte malattie zoonotiche hanno potenziale pandemico; si tratta zoonosi tra le quali l\u2019OMS cita quali esempi: rabbia, leptospirosi, antrace, SARS, MERS, febbre gialla, HIV, Ebola, Chikungunya e i Coronavirus,&#8230;; sono centinaia considerando quelle meno conosciute. Le malattie dell\u2019uomo infatti neI 75% dei casi sono causate da trasmissioni dagli animali che trasportano vari patogeni quali batteri, virus, parassiti di varie specie. La scienza \u00e8 chiara: se continueremo a sfruttare la fauna selvatica, gli allevamenti intensivi e ad alterare gli equlibri ambientali, negli anni a venire dovremo afrontare un flusso costante di queste malattie epidemiche che si trasmettono dagli animali agli umani (eventi zoonotici). Un rapporto del WWF dello scorso giugno \u00e8 giunto alle stesse conclusioni. Considerando le concause elencate sopra, il cambiamento climatico interagisce con ciascuna di esse (deforestazione e incendi, diffusione di specie \u201caliene\u201d che trovano nuovi ambienti favorevoli, inquinamento,&#8230;), peggiorando l\u2019esistente. Quindi il cambiamento climatico antropico sar\u00e0 un moltiplicatore della sesta estinzione di massa, accelerandola e aggravandola a tutti i livelli. Anche in passato si sono verificati cambiamenti climatici, e le varie specie si sono adattate; questa volta per\u00f2 il mutamento \u00e8 molto pi\u00f9 veloce, non per l\u2019alternarsi di cicli naturali, ma a causa delle attivit\u00e0 umane che alterano il clima e su una biodiversit\u00e0 gi\u00e0 sottoposta a fortissima pressione. Si tratta esattamente di quella \u201ctempesta perfetta\u201d che sar\u00e0 fatale: \u00e8 gi\u00e0 in corso, non stiamo facendo abbastanza e pagheremo un conto salato per questa miopia. <\/p>\n\n\n\n<p>Venaria, novembre 2020 <\/p>\n\n\n\n<p>Piero BOGLIANO<\/p>\n","protected":false},"excerpt":{"rendered":"<p>In cento anni 27.000 specie di animali si sono estinte e la colpa \u00e8 nostra. Dall\u2019inizio del 1900 le specie animali che popolano il Pianeta si sono pi\u00f9 che dimezzate. Circa un milione di specie animali e vegetali rischiano l\u2019estinzion. Secondo il rapporto del 2019 del panel dell\u2019Onu sulla biodiversit\u00e0 si tratta di un numero [&hellip;]<\/p>\n","protected":false},"author":1,"featured_media":1395,"comment_status":"open","ping_status":"open","sticky":false,"template":"","format":"standard","meta":{"footnotes":""},"categories":[8],"tags":[],"class_list":["post-1394","post","type-post","status-publish","format-standard","has-post-thumbnail","hentry","category-articoli"],"yoast_head":"<!-- This site is optimized with the Yoast SEO plugin v27.5 - https:\/\/yoast.com\/product\/yoast-seo-wordpress\/ -->\n<title>ANTROPOCENE: ovvero la sesta estinzione della biodiversit\u00e0 di massa - SINISTRA CIVICA<\/title>\n<meta name=\"robots\" content=\"index, follow, max-snippet:-1, max-image-preview:large, max-video-preview:-1\" \/>\n<link rel=\"canonical\" href=\"https:\/\/sinistracivica.it\/index.php\/2020\/12\/22\/antropocene-ovvero-la-sesta-estinzione-della-biodiversita-di-massa\/\" \/>\n<meta property=\"og:locale\" content=\"it_IT\" \/>\n<meta property=\"og:type\" content=\"article\" \/>\n<meta property=\"og:title\" content=\"ANTROPOCENE: ovvero la sesta estinzione della biodiversit\u00e0 di massa - SINISTRA CIVICA\" \/>\n<meta property=\"og:description\" content=\"In cento anni 27.000 specie di animali si sono estinte e la colpa \u00e8 nostra. Dall\u2019inizio del 1900 le specie animali che popolano il Pianeta si sono pi\u00f9 che dimezzate. Circa un milione di specie animali e vegetali rischiano l\u2019estinzion. Secondo il rapporto del 2019 del panel dell\u2019Onu sulla biodiversit\u00e0 si tratta di un numero [&hellip;]\" \/>\n<meta property=\"og:url\" content=\"https:\/\/sinistracivica.it\/index.php\/2020\/12\/22\/antropocene-ovvero-la-sesta-estinzione-della-biodiversita-di-massa\/\" \/>\n<meta property=\"og:site_name\" content=\"SINISTRA CIVICA\" \/>\n<meta property=\"article:published_time\" content=\"2020-12-22T16:46:52+00:00\" \/>\n<meta property=\"article:modified_time\" content=\"2020-12-22T16:46:53+00:00\" \/>\n<meta property=\"og:image\" content=\"https:\/\/sinistracivica.it\/wp-content\/uploads\/2020\/12\/Antropocene.jpg\" \/>\n\t<meta property=\"og:image:width\" content=\"580\" \/>\n\t<meta property=\"og:image:height\" content=\"380\" \/>\n\t<meta property=\"og:image:type\" content=\"image\/jpeg\" \/>\n<meta name=\"author\" content=\"admin\" \/>\n<meta name=\"twitter:card\" content=\"summary_large_image\" \/>\n<meta name=\"twitter:label1\" content=\"Scritto da\" \/>\n\t<meta name=\"twitter:data1\" content=\"admin\" \/>\n\t<meta name=\"twitter:label2\" content=\"Tempo di lettura stimato\" \/>\n\t<meta name=\"twitter:data2\" content=\"2 minuti\" \/>\n<script type=\"application\/ld+json\" class=\"yoast-schema-graph\">{\"@context\":\"https:\\\/\\\/schema.org\",\"@graph\":[{\"@type\":\"Article\",\"@id\":\"https:\\\/\\\/sinistracivica.it\\\/index.php\\\/2020\\\/12\\\/22\\\/antropocene-ovvero-la-sesta-estinzione-della-biodiversita-di-massa\\\/#article\",\"isPartOf\":{\"@id\":\"https:\\\/\\\/sinistracivica.it\\\/index.php\\\/2020\\\/12\\\/22\\\/antropocene-ovvero-la-sesta-estinzione-della-biodiversita-di-massa\\\/\"},\"author\":{\"name\":\"admin\",\"@id\":\"https:\\\/\\\/sinistracivica.it\\\/#\\\/schema\\\/person\\\/b8db22896ca66c1179b83eef0c7c1277\"},\"headline\":\"ANTROPOCENE: ovvero la sesta estinzione della biodiversit\u00e0 di massa\",\"datePublished\":\"2020-12-22T16:46:52+00:00\",\"dateModified\":\"2020-12-22T16:46:53+00:00\",\"mainEntityOfPage\":{\"@id\":\"https:\\\/\\\/sinistracivica.it\\\/index.php\\\/2020\\\/12\\\/22\\\/antropocene-ovvero-la-sesta-estinzione-della-biodiversita-di-massa\\\/\"},\"wordCount\":471,\"commentCount\":0,\"publisher\":{\"@id\":\"https:\\\/\\\/sinistracivica.it\\\/#organization\"},\"image\":{\"@id\":\"https:\\\/\\\/sinistracivica.it\\\/index.php\\\/2020\\\/12\\\/22\\\/antropocene-ovvero-la-sesta-estinzione-della-biodiversita-di-massa\\\/#primaryimage\"},\"thumbnailUrl\":\"https:\\\/\\\/sinistracivica.it\\\/wp-content\\\/uploads\\\/2020\\\/12\\\/Antropocene.jpg\",\"articleSection\":[\"articoli\"],\"inLanguage\":\"it-IT\",\"potentialAction\":[{\"@type\":\"CommentAction\",\"name\":\"Comment\",\"target\":[\"https:\\\/\\\/sinistracivica.it\\\/index.php\\\/2020\\\/12\\\/22\\\/antropocene-ovvero-la-sesta-estinzione-della-biodiversita-di-massa\\\/#respond\"]}]},{\"@type\":\"WebPage\",\"@id\":\"https:\\\/\\\/sinistracivica.it\\\/index.php\\\/2020\\\/12\\\/22\\\/antropocene-ovvero-la-sesta-estinzione-della-biodiversita-di-massa\\\/\",\"url\":\"https:\\\/\\\/sinistracivica.it\\\/index.php\\\/2020\\\/12\\\/22\\\/antropocene-ovvero-la-sesta-estinzione-della-biodiversita-di-massa\\\/\",\"name\":\"ANTROPOCENE: ovvero la sesta estinzione della biodiversit\u00e0 di massa - SINISTRA CIVICA\",\"isPartOf\":{\"@id\":\"https:\\\/\\\/sinistracivica.it\\\/#website\"},\"primaryImageOfPage\":{\"@id\":\"https:\\\/\\\/sinistracivica.it\\\/index.php\\\/2020\\\/12\\\/22\\\/antropocene-ovvero-la-sesta-estinzione-della-biodiversita-di-massa\\\/#primaryimage\"},\"image\":{\"@id\":\"https:\\\/\\\/sinistracivica.it\\\/index.php\\\/2020\\\/12\\\/22\\\/antropocene-ovvero-la-sesta-estinzione-della-biodiversita-di-massa\\\/#primaryimage\"},\"thumbnailUrl\":\"https:\\\/\\\/sinistracivica.it\\\/wp-content\\\/uploads\\\/2020\\\/12\\\/Antropocene.jpg\",\"datePublished\":\"2020-12-22T16:46:52+00:00\",\"dateModified\":\"2020-12-22T16:46:53+00:00\",\"breadcrumb\":{\"@id\":\"https:\\\/\\\/sinistracivica.it\\\/index.php\\\/2020\\\/12\\\/22\\\/antropocene-ovvero-la-sesta-estinzione-della-biodiversita-di-massa\\\/#breadcrumb\"},\"inLanguage\":\"it-IT\",\"potentialAction\":[{\"@type\":\"ReadAction\",\"target\":[\"https:\\\/\\\/sinistracivica.it\\\/index.php\\\/2020\\\/12\\\/22\\\/antropocene-ovvero-la-sesta-estinzione-della-biodiversita-di-massa\\\/\"]}]},{\"@type\":\"ImageObject\",\"inLanguage\":\"it-IT\",\"@id\":\"https:\\\/\\\/sinistracivica.it\\\/index.php\\\/2020\\\/12\\\/22\\\/antropocene-ovvero-la-sesta-estinzione-della-biodiversita-di-massa\\\/#primaryimage\",\"url\":\"https:\\\/\\\/sinistracivica.it\\\/wp-content\\\/uploads\\\/2020\\\/12\\\/Antropocene.jpg\",\"contentUrl\":\"https:\\\/\\\/sinistracivica.it\\\/wp-content\\\/uploads\\\/2020\\\/12\\\/Antropocene.jpg\",\"width\":580,\"height\":380},{\"@type\":\"BreadcrumbList\",\"@id\":\"https:\\\/\\\/sinistracivica.it\\\/index.php\\\/2020\\\/12\\\/22\\\/antropocene-ovvero-la-sesta-estinzione-della-biodiversita-di-massa\\\/#breadcrumb\",\"itemListElement\":[{\"@type\":\"ListItem\",\"position\":1,\"name\":\"Home\",\"item\":\"https:\\\/\\\/sinistracivica.it\\\/\"},{\"@type\":\"ListItem\",\"position\":2,\"name\":\"ANTROPOCENE: ovvero la sesta estinzione della biodiversit\u00e0 di massa\"}]},{\"@type\":\"WebSite\",\"@id\":\"https:\\\/\\\/sinistracivica.it\\\/#website\",\"url\":\"https:\\\/\\\/sinistracivica.it\\\/\",\"name\":\"SINISTRA CIVICA\",\"description\":\"\",\"publisher\":{\"@id\":\"https:\\\/\\\/sinistracivica.it\\\/#organization\"},\"potentialAction\":[{\"@type\":\"SearchAction\",\"target\":{\"@type\":\"EntryPoint\",\"urlTemplate\":\"https:\\\/\\\/sinistracivica.it\\\/?s={search_term_string}\"},\"query-input\":{\"@type\":\"PropertyValueSpecification\",\"valueRequired\":true,\"valueName\":\"search_term_string\"}}],\"inLanguage\":\"it-IT\"},{\"@type\":\"Organization\",\"@id\":\"https:\\\/\\\/sinistracivica.it\\\/#organization\",\"name\":\"SINISTRA CIVICA\",\"url\":\"https:\\\/\\\/sinistracivica.it\\\/\",\"logo\":{\"@type\":\"ImageObject\",\"inLanguage\":\"it-IT\",\"@id\":\"https:\\\/\\\/sinistracivica.it\\\/#\\\/schema\\\/logo\\\/image\\\/\",\"url\":\"https:\\\/\\\/sinistracivica.it\\\/wp-content\\\/uploads\\\/2021\\\/01\\\/cropped-Logo_ok.png\",\"contentUrl\":\"https:\\\/\\\/sinistracivica.it\\\/wp-content\\\/uploads\\\/2021\\\/01\\\/cropped-Logo_ok.png\",\"width\":512,\"height\":512,\"caption\":\"SINISTRA  CIVICA\"},\"image\":{\"@id\":\"https:\\\/\\\/sinistracivica.it\\\/#\\\/schema\\\/logo\\\/image\\\/\"}},{\"@type\":\"Person\",\"@id\":\"https:\\\/\\\/sinistracivica.it\\\/#\\\/schema\\\/person\\\/b8db22896ca66c1179b83eef0c7c1277\",\"name\":\"admin\",\"image\":{\"@type\":\"ImageObject\",\"inLanguage\":\"it-IT\",\"@id\":\"https:\\\/\\\/secure.gravatar.com\\\/avatar\\\/7fe9747f7c59ae0091a510f2ebb5c0c88544f6317840ecbb5618196cb30f5f3d?s=96&d=mm&r=g\",\"url\":\"https:\\\/\\\/secure.gravatar.com\\\/avatar\\\/7fe9747f7c59ae0091a510f2ebb5c0c88544f6317840ecbb5618196cb30f5f3d?s=96&d=mm&r=g\",\"contentUrl\":\"https:\\\/\\\/secure.gravatar.com\\\/avatar\\\/7fe9747f7c59ae0091a510f2ebb5c0c88544f6317840ecbb5618196cb30f5f3d?s=96&d=mm&r=g\",\"caption\":\"admin\"},\"url\":\"https:\\\/\\\/sinistracivica.it\\\/index.php\\\/author\\\/admin\\\/\"}]}<\/script>\n<!-- \/ Yoast SEO plugin. -->","yoast_head_json":{"title":"ANTROPOCENE: ovvero la sesta estinzione della biodiversit\u00e0 di massa - SINISTRA CIVICA","robots":{"index":"index","follow":"follow","max-snippet":"max-snippet:-1","max-image-preview":"max-image-preview:large","max-video-preview":"max-video-preview:-1"},"canonical":"https:\/\/sinistracivica.it\/index.php\/2020\/12\/22\/antropocene-ovvero-la-sesta-estinzione-della-biodiversita-di-massa\/","og_locale":"it_IT","og_type":"article","og_title":"ANTROPOCENE: ovvero la sesta estinzione della biodiversit\u00e0 di massa - SINISTRA CIVICA","og_description":"In cento anni 27.000 specie di animali si sono estinte e la colpa \u00e8 nostra. Dall\u2019inizio del 1900 le specie animali che popolano il Pianeta si sono pi\u00f9 che dimezzate. Circa un milione di specie animali e vegetali rischiano l\u2019estinzion. Secondo il rapporto del 2019 del panel dell\u2019Onu sulla biodiversit\u00e0 si tratta di un numero [&hellip;]","og_url":"https:\/\/sinistracivica.it\/index.php\/2020\/12\/22\/antropocene-ovvero-la-sesta-estinzione-della-biodiversita-di-massa\/","og_site_name":"SINISTRA CIVICA","article_published_time":"2020-12-22T16:46:52+00:00","article_modified_time":"2020-12-22T16:46:53+00:00","og_image":[{"width":580,"height":380,"url":"https:\/\/sinistracivica.it\/wp-content\/uploads\/2020\/12\/Antropocene.jpg","type":"image\/jpeg"}],"author":"admin","twitter_card":"summary_large_image","twitter_misc":{"Scritto da":"admin","Tempo di lettura stimato":"2 minuti"},"schema":{"@context":"https:\/\/schema.org","@graph":[{"@type":"Article","@id":"https:\/\/sinistracivica.it\/index.php\/2020\/12\/22\/antropocene-ovvero-la-sesta-estinzione-della-biodiversita-di-massa\/#article","isPartOf":{"@id":"https:\/\/sinistracivica.it\/index.php\/2020\/12\/22\/antropocene-ovvero-la-sesta-estinzione-della-biodiversita-di-massa\/"},"author":{"name":"admin","@id":"https:\/\/sinistracivica.it\/#\/schema\/person\/b8db22896ca66c1179b83eef0c7c1277"},"headline":"ANTROPOCENE: ovvero la sesta estinzione della biodiversit\u00e0 di massa","datePublished":"2020-12-22T16:46:52+00:00","dateModified":"2020-12-22T16:46:53+00:00","mainEntityOfPage":{"@id":"https:\/\/sinistracivica.it\/index.php\/2020\/12\/22\/antropocene-ovvero-la-sesta-estinzione-della-biodiversita-di-massa\/"},"wordCount":471,"commentCount":0,"publisher":{"@id":"https:\/\/sinistracivica.it\/#organization"},"image":{"@id":"https:\/\/sinistracivica.it\/index.php\/2020\/12\/22\/antropocene-ovvero-la-sesta-estinzione-della-biodiversita-di-massa\/#primaryimage"},"thumbnailUrl":"https:\/\/sinistracivica.it\/wp-content\/uploads\/2020\/12\/Antropocene.jpg","articleSection":["articoli"],"inLanguage":"it-IT","potentialAction":[{"@type":"CommentAction","name":"Comment","target":["https:\/\/sinistracivica.it\/index.php\/2020\/12\/22\/antropocene-ovvero-la-sesta-estinzione-della-biodiversita-di-massa\/#respond"]}]},{"@type":"WebPage","@id":"https:\/\/sinistracivica.it\/index.php\/2020\/12\/22\/antropocene-ovvero-la-sesta-estinzione-della-biodiversita-di-massa\/","url":"https:\/\/sinistracivica.it\/index.php\/2020\/12\/22\/antropocene-ovvero-la-sesta-estinzione-della-biodiversita-di-massa\/","name":"ANTROPOCENE: ovvero la sesta estinzione della biodiversit\u00e0 di massa - SINISTRA CIVICA","isPartOf":{"@id":"https:\/\/sinistracivica.it\/#website"},"primaryImageOfPage":{"@id":"https:\/\/sinistracivica.it\/index.php\/2020\/12\/22\/antropocene-ovvero-la-sesta-estinzione-della-biodiversita-di-massa\/#primaryimage"},"image":{"@id":"https:\/\/sinistracivica.it\/index.php\/2020\/12\/22\/antropocene-ovvero-la-sesta-estinzione-della-biodiversita-di-massa\/#primaryimage"},"thumbnailUrl":"https:\/\/sinistracivica.it\/wp-content\/uploads\/2020\/12\/Antropocene.jpg","datePublished":"2020-12-22T16:46:52+00:00","dateModified":"2020-12-22T16:46:53+00:00","breadcrumb":{"@id":"https:\/\/sinistracivica.it\/index.php\/2020\/12\/22\/antropocene-ovvero-la-sesta-estinzione-della-biodiversita-di-massa\/#breadcrumb"},"inLanguage":"it-IT","potentialAction":[{"@type":"ReadAction","target":["https:\/\/sinistracivica.it\/index.php\/2020\/12\/22\/antropocene-ovvero-la-sesta-estinzione-della-biodiversita-di-massa\/"]}]},{"@type":"ImageObject","inLanguage":"it-IT","@id":"https:\/\/sinistracivica.it\/index.php\/2020\/12\/22\/antropocene-ovvero-la-sesta-estinzione-della-biodiversita-di-massa\/#primaryimage","url":"https:\/\/sinistracivica.it\/wp-content\/uploads\/2020\/12\/Antropocene.jpg","contentUrl":"https:\/\/sinistracivica.it\/wp-content\/uploads\/2020\/12\/Antropocene.jpg","width":580,"height":380},{"@type":"BreadcrumbList","@id":"https:\/\/sinistracivica.it\/index.php\/2020\/12\/22\/antropocene-ovvero-la-sesta-estinzione-della-biodiversita-di-massa\/#breadcrumb","itemListElement":[{"@type":"ListItem","position":1,"name":"Home","item":"https:\/\/sinistracivica.it\/"},{"@type":"ListItem","position":2,"name":"ANTROPOCENE: ovvero la sesta estinzione della biodiversit\u00e0 di massa"}]},{"@type":"WebSite","@id":"https:\/\/sinistracivica.it\/#website","url":"https:\/\/sinistracivica.it\/","name":"SINISTRA CIVICA","description":"","publisher":{"@id":"https:\/\/sinistracivica.it\/#organization"},"potentialAction":[{"@type":"SearchAction","target":{"@type":"EntryPoint","urlTemplate":"https:\/\/sinistracivica.it\/?s={search_term_string}"},"query-input":{"@type":"PropertyValueSpecification","valueRequired":true,"valueName":"search_term_string"}}],"inLanguage":"it-IT"},{"@type":"Organization","@id":"https:\/\/sinistracivica.it\/#organization","name":"SINISTRA CIVICA","url":"https:\/\/sinistracivica.it\/","logo":{"@type":"ImageObject","inLanguage":"it-IT","@id":"https:\/\/sinistracivica.it\/#\/schema\/logo\/image\/","url":"https:\/\/sinistracivica.it\/wp-content\/uploads\/2021\/01\/cropped-Logo_ok.png","contentUrl":"https:\/\/sinistracivica.it\/wp-content\/uploads\/2021\/01\/cropped-Logo_ok.png","width":512,"height":512,"caption":"SINISTRA  CIVICA"},"image":{"@id":"https:\/\/sinistracivica.it\/#\/schema\/logo\/image\/"}},{"@type":"Person","@id":"https:\/\/sinistracivica.it\/#\/schema\/person\/b8db22896ca66c1179b83eef0c7c1277","name":"admin","image":{"@type":"ImageObject","inLanguage":"it-IT","@id":"https:\/\/secure.gravatar.com\/avatar\/7fe9747f7c59ae0091a510f2ebb5c0c88544f6317840ecbb5618196cb30f5f3d?s=96&d=mm&r=g","url":"https:\/\/secure.gravatar.com\/avatar\/7fe9747f7c59ae0091a510f2ebb5c0c88544f6317840ecbb5618196cb30f5f3d?s=96&d=mm&r=g","contentUrl":"https:\/\/secure.gravatar.com\/avatar\/7fe9747f7c59ae0091a510f2ebb5c0c88544f6317840ecbb5618196cb30f5f3d?s=96&d=mm&r=g","caption":"admin"},"url":"https:\/\/sinistracivica.it\/index.php\/author\/admin\/"}]}},"views":1462,"_links":{"self":[{"href":"https:\/\/sinistracivica.it\/index.php\/wp-json\/wp\/v2\/posts\/1394","targetHints":{"allow":["GET"]}}],"collection":[{"href":"https:\/\/sinistracivica.it\/index.php\/wp-json\/wp\/v2\/posts"}],"about":[{"href":"https:\/\/sinistracivica.it\/index.php\/wp-json\/wp\/v2\/types\/post"}],"author":[{"embeddable":true,"href":"https:\/\/sinistracivica.it\/index.php\/wp-json\/wp\/v2\/users\/1"}],"replies":[{"embeddable":true,"href":"https:\/\/sinistracivica.it\/index.php\/wp-json\/wp\/v2\/comments?post=1394"}],"version-history":[{"count":1,"href":"https:\/\/sinistracivica.it\/index.php\/wp-json\/wp\/v2\/posts\/1394\/revisions"}],"predecessor-version":[{"id":1396,"href":"https:\/\/sinistracivica.it\/index.php\/wp-json\/wp\/v2\/posts\/1394\/revisions\/1396"}],"wp:featuredmedia":[{"embeddable":true,"href":"https:\/\/sinistracivica.it\/index.php\/wp-json\/wp\/v2\/media\/1395"}],"wp:attachment":[{"href":"https:\/\/sinistracivica.it\/index.php\/wp-json\/wp\/v2\/media?parent=1394"}],"wp:term":[{"taxonomy":"category","embeddable":true,"href":"https:\/\/sinistracivica.it\/index.php\/wp-json\/wp\/v2\/categories?post=1394"},{"taxonomy":"post_tag","embeddable":true,"href":"https:\/\/sinistracivica.it\/index.php\/wp-json\/wp\/v2\/tags?post=1394"}],"curies":[{"name":"wp","href":"https:\/\/api.w.org\/{rel}","templated":true}]}}