{"id":1316,"date":"2020-11-03T19:35:55","date_gmt":"2020-11-03T19:35:55","guid":{"rendered":"https:\/\/sinistracivica.it\/?p=1316"},"modified":"2020-11-03T19:39:59","modified_gmt":"2020-11-03T19:39:59","slug":"lultimo-discorso-di-giuseppe-di-vittorio","status":"publish","type":"post","link":"https:\/\/sinistracivica.it\/index.php\/2020\/11\/03\/lultimo-discorso-di-giuseppe-di-vittorio\/","title":{"rendered":"L\u2019ultimo discorso di Giuseppe Di Vittorio"},"content":{"rendered":"\n<p>Lo so, cari compagni, che la vita del militante sindacale di base \u00e8 una vita di sacrifici. Conosco le amarezze, le delusioni, il tempo talvolta che richiede l\u2019attivit\u00e0 sindacale, con risultati non del tutto soddisfacenti. Conosco bene tutto questo, perch\u00e9 anch\u2019io sono stato attivista sindacale: voi sapete bene che io non provengo dall\u2019alto, provengo dal basso, ho cominciato a fare il socio del mio sindacato di categoria, poi il membro del Consiglio del sindacato, poi il Segretario del sindacato, e cos\u00ec via: quindi, tutto quello che voi fate, che voi soffrite, di cui qualche volta anche avete soddisfazione, io l\u2019ho fatto. Gli attivisti del nostro sindacato, per\u00f2, possono avere la profonda soddisfazione di servire una causa veramente alta. [&#8230;]<\/p>\n\n\n\n<p>Invito a discutere su questo: \u00e8 giusto che in Italia, mentre i grandi monopoli continuano a moltiplicare i loro profitti e le loro ricchezze, ai lavoratori non rimangano che le briciole? \u00c8 giusto che il salario dei lavoratori sia al di sotto dei bisogni vitali dei lavoratori stessi e delle loro famiglie, delle loro creature? \u00c8 giusto questo? Di questo dobbiamo parlare, perch\u00e9 questo \u00e8 il compito del sindacato. [&#8230;]<\/p>\n\n\n\n<p>Avete visto che cosa \u00e8 avvenuto: mano a mano che il capitalismo riusciva ad infliggere dei colpi al sindacato di classe e alla CGIL, e quindi a indebolire la classe operaia, non solo si \u00e8 verificata una differenza di trattamento dei lavoratori, ma come conseguenza di questa differenza di trattamento, si \u00e8 aperto un processo in Italia che tuttora continua. [&#8230;] Si sono aperte le forbici, si \u00e8 prodotto uno squilibrio sociale profondo nella societ\u00e0 italiana. Supponete, per esempio, che il rapporto fra salari e profitti fosse 100 per i salari e 100 per i profitti nel 1948. Come \u00e8 andato sviluppandosi il processo? I profitti da 100 sono andati a 110, i salari sono rimasti a 100. Poi i profitti sono andati a 150, i salari sono andati a 105; i profitti sono andati a 200, i salari sono andati a 107; i profitti sono andati a 300, i salari rimangono a 107-8-9.<\/p>\n\n\n\n<p>Quindi si sono aperte due curve: i profitti si alzano sempre pi\u00f9 e i salari stentano a salire, rimangono sempre in basso. Le conseguenze, allora, di questi colpi ricevuti dalla CGIL ad opera del grande capitalismo, delle scissioni, delle divisioni dei lavoratori quali sono state? Ecco: le due curve, la curva dei profitti che aumenta sempre di pi\u00f9, e la curva dei salari che rimane sempre in basso. [&#8230;]<\/p>\n\n\n\n<p>La nostra causa \u00e8 veramente giusta, serve gli interessi di tutti, gli interessi dell\u2019intera societ\u00e0, l\u2019interesse dei nostri figliuoli. Quando la causa \u00e8 cos\u00ec alta, merita di essere servita, anche a costo di enormi sacrifici. So che una campagna come quella per il tesseramento sindacale richiede dei sacrifici, so anche che d\u00e0, certe volte, delusioni amare. Ci sono ancora lavoratori che non hanno compreso, ma non bisogna scoraggiarsi. Pensate sempre che la nostra causa \u00e8 la causa del progresso generale, della civilt\u00e0 della giustizia fra gli uomini.<\/p>\n\n\n\n<p>Lavorate sodo, dunque, e soprattutto lottate insieme, rimanete uniti. Il sindacato vuol dire unione, compattezza. Uniamoci con tutti gli altri lavoratori: in ci\u00f2 sta la nostra forza, questo \u00e8 il nostro credo.<\/p>\n\n\n\n<p>Lavorate con tenacia, con pazienza: come il piccolo rivolo contribuisce a ingrossare il grande fiume, a renderlo travolgente, cos\u00ec anche ogni piccolo contributo di ogni militante confluisce nel maestoso fiume della nostra storia, serve a rafforzare la grande famiglia dei lavoratori italiani, la nostra CGIL, strumento della nostra forza, garanzia del nostro avvenire.<\/p>\n\n\n\n<p>Quando si ha la piena consapevolezza di servire una grande causa, una causa giusta, ognuno pu\u00f2 dire alla propria donna, ai propri figliuoli, affermare di fronte alla societ\u00e0, di avere compiuto il proprio dovere. Buon lavoro, compagni.<\/p>\n\n\n\n<p>Giuseppe Di Vittorio al convegno dei dirigenti e degli attivisti della Camera del Lavoro di Lecco, 3 novembre 1957<\/p>\n","protected":false},"excerpt":{"rendered":"<p>Lo so, cari compagni, che la vita del militante sindacale di base \u00e8 una vita di sacrifici. Conosco le amarezze, le delusioni, il tempo talvolta che richiede l\u2019attivit\u00e0 sindacale, con risultati non del tutto soddisfacenti. Conosco bene tutto questo, perch\u00e9 anch\u2019io sono stato attivista sindacale: voi sapete bene che io non provengo dall\u2019alto, provengo dal [&hellip;]<\/p>\n","protected":false},"author":1,"featured_media":1317,"comment_status":"open","ping_status":"open","sticky":false,"template":"","format":"standard","meta":{"footnotes":""},"categories":[8],"tags":[],"class_list":["post-1316","post","type-post","status-publish","format-standard","has-post-thumbnail","hentry","category-articoli"],"yoast_head":"<!-- This site is optimized with the Yoast SEO plugin v27.5 - https:\/\/yoast.com\/product\/yoast-seo-wordpress\/ -->\n<title>L\u2019ultimo discorso di Giuseppe Di Vittorio - SINISTRA CIVICA<\/title>\n<meta name=\"robots\" content=\"index, follow, max-snippet:-1, max-image-preview:large, max-video-preview:-1\" \/>\n<link rel=\"canonical\" href=\"https:\/\/sinistracivica.it\/index.php\/2020\/11\/03\/lultimo-discorso-di-giuseppe-di-vittorio\/\" \/>\n<meta property=\"og:locale\" content=\"it_IT\" \/>\n<meta property=\"og:type\" content=\"article\" \/>\n<meta property=\"og:title\" content=\"L\u2019ultimo discorso di Giuseppe Di Vittorio - SINISTRA CIVICA\" \/>\n<meta property=\"og:description\" content=\"Lo so, cari compagni, che la vita del militante sindacale di base \u00e8 una vita di sacrifici. Conosco le amarezze, le delusioni, il tempo talvolta che richiede l\u2019attivit\u00e0 sindacale, con risultati non del tutto soddisfacenti. Conosco bene tutto questo, perch\u00e9 anch\u2019io sono stato attivista sindacale: voi sapete bene che io non provengo dall\u2019alto, provengo dal [&hellip;]\" \/>\n<meta property=\"og:url\" content=\"https:\/\/sinistracivica.it\/index.php\/2020\/11\/03\/lultimo-discorso-di-giuseppe-di-vittorio\/\" \/>\n<meta property=\"og:site_name\" content=\"SINISTRA CIVICA\" \/>\n<meta property=\"article:published_time\" content=\"2020-11-03T19:35:55+00:00\" \/>\n<meta property=\"article:modified_time\" content=\"2020-11-03T19:39:59+00:00\" \/>\n<meta property=\"og:image\" content=\"https:\/\/sinistracivica.it\/wp-content\/uploads\/2020\/11\/Di-Vittorio.jpg\" \/>\n\t<meta property=\"og:image:width\" content=\"979\" \/>\n\t<meta property=\"og:image:height\" content=\"638\" \/>\n\t<meta property=\"og:image:type\" content=\"image\/jpeg\" \/>\n<meta name=\"author\" content=\"admin\" \/>\n<meta name=\"twitter:card\" content=\"summary_large_image\" \/>\n<meta name=\"twitter:label1\" content=\"Scritto da\" \/>\n\t<meta name=\"twitter:data1\" content=\"admin\" \/>\n\t<meta name=\"twitter:label2\" content=\"Tempo di lettura stimato\" \/>\n\t<meta name=\"twitter:data2\" content=\"3 minuti\" \/>\n<script type=\"application\/ld+json\" class=\"yoast-schema-graph\">{\"@context\":\"https:\\\/\\\/schema.org\",\"@graph\":[{\"@type\":\"Article\",\"@id\":\"https:\\\/\\\/sinistracivica.it\\\/index.php\\\/2020\\\/11\\\/03\\\/lultimo-discorso-di-giuseppe-di-vittorio\\\/#article\",\"isPartOf\":{\"@id\":\"https:\\\/\\\/sinistracivica.it\\\/index.php\\\/2020\\\/11\\\/03\\\/lultimo-discorso-di-giuseppe-di-vittorio\\\/\"},\"author\":{\"name\":\"admin\",\"@id\":\"https:\\\/\\\/sinistracivica.it\\\/#\\\/schema\\\/person\\\/b8db22896ca66c1179b83eef0c7c1277\"},\"headline\":\"L\u2019ultimo discorso di Giuseppe Di Vittorio\",\"datePublished\":\"2020-11-03T19:35:55+00:00\",\"dateModified\":\"2020-11-03T19:39:59+00:00\",\"mainEntityOfPage\":{\"@id\":\"https:\\\/\\\/sinistracivica.it\\\/index.php\\\/2020\\\/11\\\/03\\\/lultimo-discorso-di-giuseppe-di-vittorio\\\/\"},\"wordCount\":623,\"commentCount\":0,\"publisher\":{\"@id\":\"https:\\\/\\\/sinistracivica.it\\\/#organization\"},\"image\":{\"@id\":\"https:\\\/\\\/sinistracivica.it\\\/index.php\\\/2020\\\/11\\\/03\\\/lultimo-discorso-di-giuseppe-di-vittorio\\\/#primaryimage\"},\"thumbnailUrl\":\"https:\\\/\\\/sinistracivica.it\\\/wp-content\\\/uploads\\\/2020\\\/11\\\/Di-Vittorio.jpg\",\"articleSection\":[\"articoli\"],\"inLanguage\":\"it-IT\",\"potentialAction\":[{\"@type\":\"CommentAction\",\"name\":\"Comment\",\"target\":[\"https:\\\/\\\/sinistracivica.it\\\/index.php\\\/2020\\\/11\\\/03\\\/lultimo-discorso-di-giuseppe-di-vittorio\\\/#respond\"]}]},{\"@type\":\"WebPage\",\"@id\":\"https:\\\/\\\/sinistracivica.it\\\/index.php\\\/2020\\\/11\\\/03\\\/lultimo-discorso-di-giuseppe-di-vittorio\\\/\",\"url\":\"https:\\\/\\\/sinistracivica.it\\\/index.php\\\/2020\\\/11\\\/03\\\/lultimo-discorso-di-giuseppe-di-vittorio\\\/\",\"name\":\"L\u2019ultimo discorso di Giuseppe Di Vittorio - SINISTRA CIVICA\",\"isPartOf\":{\"@id\":\"https:\\\/\\\/sinistracivica.it\\\/#website\"},\"primaryImageOfPage\":{\"@id\":\"https:\\\/\\\/sinistracivica.it\\\/index.php\\\/2020\\\/11\\\/03\\\/lultimo-discorso-di-giuseppe-di-vittorio\\\/#primaryimage\"},\"image\":{\"@id\":\"https:\\\/\\\/sinistracivica.it\\\/index.php\\\/2020\\\/11\\\/03\\\/lultimo-discorso-di-giuseppe-di-vittorio\\\/#primaryimage\"},\"thumbnailUrl\":\"https:\\\/\\\/sinistracivica.it\\\/wp-content\\\/uploads\\\/2020\\\/11\\\/Di-Vittorio.jpg\",\"datePublished\":\"2020-11-03T19:35:55+00:00\",\"dateModified\":\"2020-11-03T19:39:59+00:00\",\"breadcrumb\":{\"@id\":\"https:\\\/\\\/sinistracivica.it\\\/index.php\\\/2020\\\/11\\\/03\\\/lultimo-discorso-di-giuseppe-di-vittorio\\\/#breadcrumb\"},\"inLanguage\":\"it-IT\",\"potentialAction\":[{\"@type\":\"ReadAction\",\"target\":[\"https:\\\/\\\/sinistracivica.it\\\/index.php\\\/2020\\\/11\\\/03\\\/lultimo-discorso-di-giuseppe-di-vittorio\\\/\"]}]},{\"@type\":\"ImageObject\",\"inLanguage\":\"it-IT\",\"@id\":\"https:\\\/\\\/sinistracivica.it\\\/index.php\\\/2020\\\/11\\\/03\\\/lultimo-discorso-di-giuseppe-di-vittorio\\\/#primaryimage\",\"url\":\"https:\\\/\\\/sinistracivica.it\\\/wp-content\\\/uploads\\\/2020\\\/11\\\/Di-Vittorio.jpg\",\"contentUrl\":\"https:\\\/\\\/sinistracivica.it\\\/wp-content\\\/uploads\\\/2020\\\/11\\\/Di-Vittorio.jpg\",\"width\":979,\"height\":638},{\"@type\":\"BreadcrumbList\",\"@id\":\"https:\\\/\\\/sinistracivica.it\\\/index.php\\\/2020\\\/11\\\/03\\\/lultimo-discorso-di-giuseppe-di-vittorio\\\/#breadcrumb\",\"itemListElement\":[{\"@type\":\"ListItem\",\"position\":1,\"name\":\"Home\",\"item\":\"https:\\\/\\\/sinistracivica.it\\\/\"},{\"@type\":\"ListItem\",\"position\":2,\"name\":\"L\u2019ultimo discorso di Giuseppe Di Vittorio\"}]},{\"@type\":\"WebSite\",\"@id\":\"https:\\\/\\\/sinistracivica.it\\\/#website\",\"url\":\"https:\\\/\\\/sinistracivica.it\\\/\",\"name\":\"SINISTRA CIVICA\",\"description\":\"\",\"publisher\":{\"@id\":\"https:\\\/\\\/sinistracivica.it\\\/#organization\"},\"potentialAction\":[{\"@type\":\"SearchAction\",\"target\":{\"@type\":\"EntryPoint\",\"urlTemplate\":\"https:\\\/\\\/sinistracivica.it\\\/?s={search_term_string}\"},\"query-input\":{\"@type\":\"PropertyValueSpecification\",\"valueRequired\":true,\"valueName\":\"search_term_string\"}}],\"inLanguage\":\"it-IT\"},{\"@type\":\"Organization\",\"@id\":\"https:\\\/\\\/sinistracivica.it\\\/#organization\",\"name\":\"SINISTRA CIVICA\",\"url\":\"https:\\\/\\\/sinistracivica.it\\\/\",\"logo\":{\"@type\":\"ImageObject\",\"inLanguage\":\"it-IT\",\"@id\":\"https:\\\/\\\/sinistracivica.it\\\/#\\\/schema\\\/logo\\\/image\\\/\",\"url\":\"https:\\\/\\\/sinistracivica.it\\\/wp-content\\\/uploads\\\/2021\\\/01\\\/cropped-Logo_ok.png\",\"contentUrl\":\"https:\\\/\\\/sinistracivica.it\\\/wp-content\\\/uploads\\\/2021\\\/01\\\/cropped-Logo_ok.png\",\"width\":512,\"height\":512,\"caption\":\"SINISTRA  CIVICA\"},\"image\":{\"@id\":\"https:\\\/\\\/sinistracivica.it\\\/#\\\/schema\\\/logo\\\/image\\\/\"}},{\"@type\":\"Person\",\"@id\":\"https:\\\/\\\/sinistracivica.it\\\/#\\\/schema\\\/person\\\/b8db22896ca66c1179b83eef0c7c1277\",\"name\":\"admin\",\"image\":{\"@type\":\"ImageObject\",\"inLanguage\":\"it-IT\",\"@id\":\"https:\\\/\\\/secure.gravatar.com\\\/avatar\\\/7fe9747f7c59ae0091a510f2ebb5c0c88544f6317840ecbb5618196cb30f5f3d?s=96&d=mm&r=g\",\"url\":\"https:\\\/\\\/secure.gravatar.com\\\/avatar\\\/7fe9747f7c59ae0091a510f2ebb5c0c88544f6317840ecbb5618196cb30f5f3d?s=96&d=mm&r=g\",\"contentUrl\":\"https:\\\/\\\/secure.gravatar.com\\\/avatar\\\/7fe9747f7c59ae0091a510f2ebb5c0c88544f6317840ecbb5618196cb30f5f3d?s=96&d=mm&r=g\",\"caption\":\"admin\"},\"url\":\"https:\\\/\\\/sinistracivica.it\\\/index.php\\\/author\\\/admin\\\/\"}]}<\/script>\n<!-- \/ Yoast SEO plugin. -->","yoast_head_json":{"title":"L\u2019ultimo discorso di Giuseppe Di Vittorio - SINISTRA CIVICA","robots":{"index":"index","follow":"follow","max-snippet":"max-snippet:-1","max-image-preview":"max-image-preview:large","max-video-preview":"max-video-preview:-1"},"canonical":"https:\/\/sinistracivica.it\/index.php\/2020\/11\/03\/lultimo-discorso-di-giuseppe-di-vittorio\/","og_locale":"it_IT","og_type":"article","og_title":"L\u2019ultimo discorso di Giuseppe Di Vittorio - SINISTRA CIVICA","og_description":"Lo so, cari compagni, che la vita del militante sindacale di base \u00e8 una vita di sacrifici. Conosco le amarezze, le delusioni, il tempo talvolta che richiede l\u2019attivit\u00e0 sindacale, con risultati non del tutto soddisfacenti. Conosco bene tutto questo, perch\u00e9 anch\u2019io sono stato attivista sindacale: voi sapete bene che io non provengo dall\u2019alto, provengo dal [&hellip;]","og_url":"https:\/\/sinistracivica.it\/index.php\/2020\/11\/03\/lultimo-discorso-di-giuseppe-di-vittorio\/","og_site_name":"SINISTRA CIVICA","article_published_time":"2020-11-03T19:35:55+00:00","article_modified_time":"2020-11-03T19:39:59+00:00","og_image":[{"width":979,"height":638,"url":"https:\/\/sinistracivica.it\/wp-content\/uploads\/2020\/11\/Di-Vittorio.jpg","type":"image\/jpeg"}],"author":"admin","twitter_card":"summary_large_image","twitter_misc":{"Scritto da":"admin","Tempo di lettura stimato":"3 minuti"},"schema":{"@context":"https:\/\/schema.org","@graph":[{"@type":"Article","@id":"https:\/\/sinistracivica.it\/index.php\/2020\/11\/03\/lultimo-discorso-di-giuseppe-di-vittorio\/#article","isPartOf":{"@id":"https:\/\/sinistracivica.it\/index.php\/2020\/11\/03\/lultimo-discorso-di-giuseppe-di-vittorio\/"},"author":{"name":"admin","@id":"https:\/\/sinistracivica.it\/#\/schema\/person\/b8db22896ca66c1179b83eef0c7c1277"},"headline":"L\u2019ultimo discorso di Giuseppe Di Vittorio","datePublished":"2020-11-03T19:35:55+00:00","dateModified":"2020-11-03T19:39:59+00:00","mainEntityOfPage":{"@id":"https:\/\/sinistracivica.it\/index.php\/2020\/11\/03\/lultimo-discorso-di-giuseppe-di-vittorio\/"},"wordCount":623,"commentCount":0,"publisher":{"@id":"https:\/\/sinistracivica.it\/#organization"},"image":{"@id":"https:\/\/sinistracivica.it\/index.php\/2020\/11\/03\/lultimo-discorso-di-giuseppe-di-vittorio\/#primaryimage"},"thumbnailUrl":"https:\/\/sinistracivica.it\/wp-content\/uploads\/2020\/11\/Di-Vittorio.jpg","articleSection":["articoli"],"inLanguage":"it-IT","potentialAction":[{"@type":"CommentAction","name":"Comment","target":["https:\/\/sinistracivica.it\/index.php\/2020\/11\/03\/lultimo-discorso-di-giuseppe-di-vittorio\/#respond"]}]},{"@type":"WebPage","@id":"https:\/\/sinistracivica.it\/index.php\/2020\/11\/03\/lultimo-discorso-di-giuseppe-di-vittorio\/","url":"https:\/\/sinistracivica.it\/index.php\/2020\/11\/03\/lultimo-discorso-di-giuseppe-di-vittorio\/","name":"L\u2019ultimo discorso di Giuseppe Di Vittorio - SINISTRA CIVICA","isPartOf":{"@id":"https:\/\/sinistracivica.it\/#website"},"primaryImageOfPage":{"@id":"https:\/\/sinistracivica.it\/index.php\/2020\/11\/03\/lultimo-discorso-di-giuseppe-di-vittorio\/#primaryimage"},"image":{"@id":"https:\/\/sinistracivica.it\/index.php\/2020\/11\/03\/lultimo-discorso-di-giuseppe-di-vittorio\/#primaryimage"},"thumbnailUrl":"https:\/\/sinistracivica.it\/wp-content\/uploads\/2020\/11\/Di-Vittorio.jpg","datePublished":"2020-11-03T19:35:55+00:00","dateModified":"2020-11-03T19:39:59+00:00","breadcrumb":{"@id":"https:\/\/sinistracivica.it\/index.php\/2020\/11\/03\/lultimo-discorso-di-giuseppe-di-vittorio\/#breadcrumb"},"inLanguage":"it-IT","potentialAction":[{"@type":"ReadAction","target":["https:\/\/sinistracivica.it\/index.php\/2020\/11\/03\/lultimo-discorso-di-giuseppe-di-vittorio\/"]}]},{"@type":"ImageObject","inLanguage":"it-IT","@id":"https:\/\/sinistracivica.it\/index.php\/2020\/11\/03\/lultimo-discorso-di-giuseppe-di-vittorio\/#primaryimage","url":"https:\/\/sinistracivica.it\/wp-content\/uploads\/2020\/11\/Di-Vittorio.jpg","contentUrl":"https:\/\/sinistracivica.it\/wp-content\/uploads\/2020\/11\/Di-Vittorio.jpg","width":979,"height":638},{"@type":"BreadcrumbList","@id":"https:\/\/sinistracivica.it\/index.php\/2020\/11\/03\/lultimo-discorso-di-giuseppe-di-vittorio\/#breadcrumb","itemListElement":[{"@type":"ListItem","position":1,"name":"Home","item":"https:\/\/sinistracivica.it\/"},{"@type":"ListItem","position":2,"name":"L\u2019ultimo discorso di Giuseppe Di Vittorio"}]},{"@type":"WebSite","@id":"https:\/\/sinistracivica.it\/#website","url":"https:\/\/sinistracivica.it\/","name":"SINISTRA CIVICA","description":"","publisher":{"@id":"https:\/\/sinistracivica.it\/#organization"},"potentialAction":[{"@type":"SearchAction","target":{"@type":"EntryPoint","urlTemplate":"https:\/\/sinistracivica.it\/?s={search_term_string}"},"query-input":{"@type":"PropertyValueSpecification","valueRequired":true,"valueName":"search_term_string"}}],"inLanguage":"it-IT"},{"@type":"Organization","@id":"https:\/\/sinistracivica.it\/#organization","name":"SINISTRA CIVICA","url":"https:\/\/sinistracivica.it\/","logo":{"@type":"ImageObject","inLanguage":"it-IT","@id":"https:\/\/sinistracivica.it\/#\/schema\/logo\/image\/","url":"https:\/\/sinistracivica.it\/wp-content\/uploads\/2021\/01\/cropped-Logo_ok.png","contentUrl":"https:\/\/sinistracivica.it\/wp-content\/uploads\/2021\/01\/cropped-Logo_ok.png","width":512,"height":512,"caption":"SINISTRA  CIVICA"},"image":{"@id":"https:\/\/sinistracivica.it\/#\/schema\/logo\/image\/"}},{"@type":"Person","@id":"https:\/\/sinistracivica.it\/#\/schema\/person\/b8db22896ca66c1179b83eef0c7c1277","name":"admin","image":{"@type":"ImageObject","inLanguage":"it-IT","@id":"https:\/\/secure.gravatar.com\/avatar\/7fe9747f7c59ae0091a510f2ebb5c0c88544f6317840ecbb5618196cb30f5f3d?s=96&d=mm&r=g","url":"https:\/\/secure.gravatar.com\/avatar\/7fe9747f7c59ae0091a510f2ebb5c0c88544f6317840ecbb5618196cb30f5f3d?s=96&d=mm&r=g","contentUrl":"https:\/\/secure.gravatar.com\/avatar\/7fe9747f7c59ae0091a510f2ebb5c0c88544f6317840ecbb5618196cb30f5f3d?s=96&d=mm&r=g","caption":"admin"},"url":"https:\/\/sinistracivica.it\/index.php\/author\/admin\/"}]}},"views":2202,"_links":{"self":[{"href":"https:\/\/sinistracivica.it\/index.php\/wp-json\/wp\/v2\/posts\/1316","targetHints":{"allow":["GET"]}}],"collection":[{"href":"https:\/\/sinistracivica.it\/index.php\/wp-json\/wp\/v2\/posts"}],"about":[{"href":"https:\/\/sinistracivica.it\/index.php\/wp-json\/wp\/v2\/types\/post"}],"author":[{"embeddable":true,"href":"https:\/\/sinistracivica.it\/index.php\/wp-json\/wp\/v2\/users\/1"}],"replies":[{"embeddable":true,"href":"https:\/\/sinistracivica.it\/index.php\/wp-json\/wp\/v2\/comments?post=1316"}],"version-history":[{"count":1,"href":"https:\/\/sinistracivica.it\/index.php\/wp-json\/wp\/v2\/posts\/1316\/revisions"}],"predecessor-version":[{"id":1318,"href":"https:\/\/sinistracivica.it\/index.php\/wp-json\/wp\/v2\/posts\/1316\/revisions\/1318"}],"wp:featuredmedia":[{"embeddable":true,"href":"https:\/\/sinistracivica.it\/index.php\/wp-json\/wp\/v2\/media\/1317"}],"wp:attachment":[{"href":"https:\/\/sinistracivica.it\/index.php\/wp-json\/wp\/v2\/media?parent=1316"}],"wp:term":[{"taxonomy":"category","embeddable":true,"href":"https:\/\/sinistracivica.it\/index.php\/wp-json\/wp\/v2\/categories?post=1316"},{"taxonomy":"post_tag","embeddable":true,"href":"https:\/\/sinistracivica.it\/index.php\/wp-json\/wp\/v2\/tags?post=1316"}],"curies":[{"name":"wp","href":"https:\/\/api.w.org\/{rel}","templated":true}]}}