{"id":1310,"date":"2020-10-04T15:10:55","date_gmt":"2020-10-04T15:10:55","guid":{"rendered":"https:\/\/sinistracivica.it\/?p=1310"},"modified":"2020-10-04T15:10:55","modified_gmt":"2020-10-04T15:10:55","slug":"bilancio-di-un-percorso-fuori-dagli-schemi","status":"publish","type":"post","link":"https:\/\/sinistracivica.it\/index.php\/2020\/10\/04\/bilancio-di-un-percorso-fuori-dagli-schemi\/","title":{"rendered":"BILANCIO DI UN PERCORSO FUORI DAGLI SCHEMI&#8230;"},"content":{"rendered":"\n<p class=\"has-text-align-center\">&#8230;.<strong>ovvero dei propositi per il futuro<\/strong><\/p>\n\n\n\n<p>Il contesto nel quale abbiamo iniziato a confrontarci con una serie di soggetti del panorama politico venariese era, ed \u00e8 tuttora, particolarmente complicato.<\/p>\n\n\n\n<p>Partiti senza iscritte\/i, in certi casi anche iscritte\/i senza un partito, un ristretta minoranza in ogni caso.<\/p>\n\n\n\n<p>Quasi ovunque diffidenza e mancanza di partecipazione alla vita politica.<\/p>\n\n\n\n<p>Mentre cercavamo di allargare il nostro gruppo ci siamo ritrovati spesso di fronte ad un bivio: accostarci in una logica di subalternit\u00e0 al partito che vantava pi\u00f9 voti o accostare al nostro progetto persone portatrici di un gran numero di voti. Entrambe le strade erano vicoli ciechi che avrebbero portato alla conservazione dell\u2019esistente.<\/p>\n\n\n\n<p>Cos\u00ec abbiamo scelto il piano inclinato di partire da zero, senza \u201cnotabili\u201d e senza partiti \u201cforti\u201d alle spalle, interloquendo con due realt\u00e0 radicate sul territorio, Uniti per Cambiare e con il \u201cgruppo\u201d di Pino Capogna.<\/p>\n\n\n\n<p>Un insieme di soggetti decisamente eterogeni uniti inizialmente proprio da due istanze convergenti: uscire dal classico schema di contrapposizione di centro destra e centro sinistra e mettere insieme persone portatrici di competenze a prescindere dalle storie personali e dalle appartenenze.<\/p>\n\n\n\n<p>La particolarit\u00e0, forse non sufficientemente valorizzata in campagna elettorale, ma vero tratto fondativo della coalizione che sarebbe andata da l\u00ec a poco delineandosi, \u00e8 che il nucleo di persone che componevano il gruppo di lavoro si caratterizzava per una spiccata propensione all\u2019impegno nel sociale.<\/p>\n\n\n\n<p>A posteriori possiamo dire che tentavamo di mettere insieme due visioni di operare nel sociale: una di matrice cattolica che pone al centro la dimensione del volontariato, un\u2019altra di orientamento progressista imperniata sulla centralit\u00e0 della cooperazione sociale. Entrambi elementi da far convergere in una pi\u00f9 ampia prospettiva comunitaria in cui riattivare <a>partecipazione e cittadinanza, in cui produrre una trasformazione sociale e politica.<\/a><\/p>\n\n\n\n<p>In tutta onest\u00e0 invece, non sappiamo definire in che misura questa scelta sia stata determinata da una reale voglia di portare un radicale cambiamento e quanto da una componente di ambizioni personali da esaudire. N\u00e9 quanto, nel determinare l\u2019avvio del percorso e la successiva scelta di costituire una coalizione che si presentasse alle elezioni comunali, abbia inciso una sopravvalutazione dei nostri mezzi o la non eccelsa qualit\u00e0 delle altre proposte politiche in campo.<\/p>\n\n\n\n<p>Ma sappiamo che le diversit\u00e0 di questi tre soggetti sono riuscite a trovare una sintesi compiuta su un programma condiviso, innovativo e decisamente avanzato sulle questioni sociali e sui temi ambientali.<\/p>\n\n\n\n<p>A sostenere questo impianto l\u2019idea di una \u201calleanza comunitaria\u201d, fra persone, associazioni profit e no-profit e governo cittadino. Nella sostanza una proposta di governo partecipato. Come Sinistra Civica riteniamo di avere il dovere e la responsabilit\u00e0 di non disperdere il patrimonio di progettualit\u00e0 e reti di relazioni sino ad oggi costruito. La bussola che guider\u00e0 le nostre azioni sar\u00e0 praticare, anche fuori dal consiglio comunale, ci\u00f2 che realmente ci ha unito: non consegnare un assegno in bianco per la gestione della citt\u00e0 a chi uscir\u00e0 vincitore dal prossimo ballottaggio, ma condizionare in positivo la coesione sociale, allargare gli spazi di partecipazione ed incalzare, laddove occorresse, l\u2019azione del governo cittadino.<\/p>\n","protected":false},"excerpt":{"rendered":"<p>&#8230;.ovvero dei propositi per il futuro Il contesto nel quale abbiamo iniziato a confrontarci con una serie di soggetti del panorama politico venariese era, ed \u00e8 tuttora, particolarmente complicato. Partiti senza iscritte\/i, in certi casi anche iscritte\/i senza un partito, un ristretta minoranza in ogni caso. Quasi ovunque diffidenza e mancanza di partecipazione alla vita [&hellip;]<\/p>\n","protected":false},"author":1,"featured_media":1311,"comment_status":"open","ping_status":"open","sticky":false,"template":"","format":"standard","meta":{"footnotes":""},"categories":[8],"tags":[],"class_list":["post-1310","post","type-post","status-publish","format-standard","has-post-thumbnail","hentry","category-articoli"],"yoast_head":"<!-- This site is optimized with the Yoast SEO plugin v27.5 - https:\/\/yoast.com\/product\/yoast-seo-wordpress\/ -->\n<title>BILANCIO DI UN PERCORSO FUORI DAGLI SCHEMI... - SINISTRA CIVICA<\/title>\n<meta name=\"robots\" content=\"index, follow, max-snippet:-1, max-image-preview:large, max-video-preview:-1\" \/>\n<link rel=\"canonical\" href=\"https:\/\/sinistracivica.it\/index.php\/2020\/10\/04\/bilancio-di-un-percorso-fuori-dagli-schemi\/\" \/>\n<meta property=\"og:locale\" content=\"it_IT\" \/>\n<meta property=\"og:type\" content=\"article\" \/>\n<meta property=\"og:title\" content=\"BILANCIO DI UN PERCORSO FUORI DAGLI SCHEMI... - SINISTRA CIVICA\" \/>\n<meta property=\"og:description\" content=\"&#8230;.ovvero dei propositi per il futuro Il contesto nel quale abbiamo iniziato a confrontarci con una serie di soggetti del panorama politico venariese era, ed \u00e8 tuttora, particolarmente complicato. Partiti senza iscritte\/i, in certi casi anche iscritte\/i senza un partito, un ristretta minoranza in ogni caso. Quasi ovunque diffidenza e mancanza di partecipazione alla vita [&hellip;]\" \/>\n<meta property=\"og:url\" content=\"https:\/\/sinistracivica.it\/index.php\/2020\/10\/04\/bilancio-di-un-percorso-fuori-dagli-schemi\/\" \/>\n<meta property=\"og:site_name\" content=\"SINISTRA CIVICA\" \/>\n<meta property=\"article:published_time\" content=\"2020-10-04T15:10:55+00:00\" \/>\n<meta property=\"og:image\" content=\"https:\/\/sinistracivica.it\/wp-content\/uploads\/2020\/10\/fuori-dagli-schemi.jpg\" \/>\n\t<meta property=\"og:image:width\" content=\"300\" \/>\n\t<meta property=\"og:image:height\" content=\"168\" \/>\n\t<meta property=\"og:image:type\" content=\"image\/jpeg\" \/>\n<meta name=\"author\" content=\"admin\" \/>\n<meta name=\"twitter:card\" content=\"summary_large_image\" \/>\n<meta name=\"twitter:label1\" content=\"Scritto da\" \/>\n\t<meta name=\"twitter:data1\" content=\"admin\" \/>\n\t<meta name=\"twitter:label2\" content=\"Tempo di lettura stimato\" \/>\n\t<meta name=\"twitter:data2\" content=\"3 minuti\" \/>\n<script type=\"application\/ld+json\" class=\"yoast-schema-graph\">{\"@context\":\"https:\\\/\\\/schema.org\",\"@graph\":[{\"@type\":\"Article\",\"@id\":\"https:\\\/\\\/sinistracivica.it\\\/index.php\\\/2020\\\/10\\\/04\\\/bilancio-di-un-percorso-fuori-dagli-schemi\\\/#article\",\"isPartOf\":{\"@id\":\"https:\\\/\\\/sinistracivica.it\\\/index.php\\\/2020\\\/10\\\/04\\\/bilancio-di-un-percorso-fuori-dagli-schemi\\\/\"},\"author\":{\"name\":\"admin\",\"@id\":\"https:\\\/\\\/sinistracivica.it\\\/#\\\/schema\\\/person\\\/b8db22896ca66c1179b83eef0c7c1277\"},\"headline\":\"BILANCIO DI UN PERCORSO FUORI DAGLI SCHEMI&#8230;\",\"datePublished\":\"2020-10-04T15:10:55+00:00\",\"mainEntityOfPage\":{\"@id\":\"https:\\\/\\\/sinistracivica.it\\\/index.php\\\/2020\\\/10\\\/04\\\/bilancio-di-un-percorso-fuori-dagli-schemi\\\/\"},\"wordCount\":516,\"commentCount\":0,\"publisher\":{\"@id\":\"https:\\\/\\\/sinistracivica.it\\\/#organization\"},\"image\":{\"@id\":\"https:\\\/\\\/sinistracivica.it\\\/index.php\\\/2020\\\/10\\\/04\\\/bilancio-di-un-percorso-fuori-dagli-schemi\\\/#primaryimage\"},\"thumbnailUrl\":\"https:\\\/\\\/sinistracivica.it\\\/wp-content\\\/uploads\\\/2020\\\/10\\\/fuori-dagli-schemi.jpg\",\"articleSection\":[\"articoli\"],\"inLanguage\":\"it-IT\",\"potentialAction\":[{\"@type\":\"CommentAction\",\"name\":\"Comment\",\"target\":[\"https:\\\/\\\/sinistracivica.it\\\/index.php\\\/2020\\\/10\\\/04\\\/bilancio-di-un-percorso-fuori-dagli-schemi\\\/#respond\"]}]},{\"@type\":\"WebPage\",\"@id\":\"https:\\\/\\\/sinistracivica.it\\\/index.php\\\/2020\\\/10\\\/04\\\/bilancio-di-un-percorso-fuori-dagli-schemi\\\/\",\"url\":\"https:\\\/\\\/sinistracivica.it\\\/index.php\\\/2020\\\/10\\\/04\\\/bilancio-di-un-percorso-fuori-dagli-schemi\\\/\",\"name\":\"BILANCIO DI UN PERCORSO FUORI DAGLI SCHEMI... - SINISTRA CIVICA\",\"isPartOf\":{\"@id\":\"https:\\\/\\\/sinistracivica.it\\\/#website\"},\"primaryImageOfPage\":{\"@id\":\"https:\\\/\\\/sinistracivica.it\\\/index.php\\\/2020\\\/10\\\/04\\\/bilancio-di-un-percorso-fuori-dagli-schemi\\\/#primaryimage\"},\"image\":{\"@id\":\"https:\\\/\\\/sinistracivica.it\\\/index.php\\\/2020\\\/10\\\/04\\\/bilancio-di-un-percorso-fuori-dagli-schemi\\\/#primaryimage\"},\"thumbnailUrl\":\"https:\\\/\\\/sinistracivica.it\\\/wp-content\\\/uploads\\\/2020\\\/10\\\/fuori-dagli-schemi.jpg\",\"datePublished\":\"2020-10-04T15:10:55+00:00\",\"breadcrumb\":{\"@id\":\"https:\\\/\\\/sinistracivica.it\\\/index.php\\\/2020\\\/10\\\/04\\\/bilancio-di-un-percorso-fuori-dagli-schemi\\\/#breadcrumb\"},\"inLanguage\":\"it-IT\",\"potentialAction\":[{\"@type\":\"ReadAction\",\"target\":[\"https:\\\/\\\/sinistracivica.it\\\/index.php\\\/2020\\\/10\\\/04\\\/bilancio-di-un-percorso-fuori-dagli-schemi\\\/\"]}]},{\"@type\":\"ImageObject\",\"inLanguage\":\"it-IT\",\"@id\":\"https:\\\/\\\/sinistracivica.it\\\/index.php\\\/2020\\\/10\\\/04\\\/bilancio-di-un-percorso-fuori-dagli-schemi\\\/#primaryimage\",\"url\":\"https:\\\/\\\/sinistracivica.it\\\/wp-content\\\/uploads\\\/2020\\\/10\\\/fuori-dagli-schemi.jpg\",\"contentUrl\":\"https:\\\/\\\/sinistracivica.it\\\/wp-content\\\/uploads\\\/2020\\\/10\\\/fuori-dagli-schemi.jpg\",\"width\":300,\"height\":168},{\"@type\":\"BreadcrumbList\",\"@id\":\"https:\\\/\\\/sinistracivica.it\\\/index.php\\\/2020\\\/10\\\/04\\\/bilancio-di-un-percorso-fuori-dagli-schemi\\\/#breadcrumb\",\"itemListElement\":[{\"@type\":\"ListItem\",\"position\":1,\"name\":\"Home\",\"item\":\"https:\\\/\\\/sinistracivica.it\\\/\"},{\"@type\":\"ListItem\",\"position\":2,\"name\":\"BILANCIO DI UN PERCORSO FUORI DAGLI SCHEMI&#8230;\"}]},{\"@type\":\"WebSite\",\"@id\":\"https:\\\/\\\/sinistracivica.it\\\/#website\",\"url\":\"https:\\\/\\\/sinistracivica.it\\\/\",\"name\":\"SINISTRA CIVICA\",\"description\":\"\",\"publisher\":{\"@id\":\"https:\\\/\\\/sinistracivica.it\\\/#organization\"},\"potentialAction\":[{\"@type\":\"SearchAction\",\"target\":{\"@type\":\"EntryPoint\",\"urlTemplate\":\"https:\\\/\\\/sinistracivica.it\\\/?s={search_term_string}\"},\"query-input\":{\"@type\":\"PropertyValueSpecification\",\"valueRequired\":true,\"valueName\":\"search_term_string\"}}],\"inLanguage\":\"it-IT\"},{\"@type\":\"Organization\",\"@id\":\"https:\\\/\\\/sinistracivica.it\\\/#organization\",\"name\":\"SINISTRA CIVICA\",\"url\":\"https:\\\/\\\/sinistracivica.it\\\/\",\"logo\":{\"@type\":\"ImageObject\",\"inLanguage\":\"it-IT\",\"@id\":\"https:\\\/\\\/sinistracivica.it\\\/#\\\/schema\\\/logo\\\/image\\\/\",\"url\":\"https:\\\/\\\/sinistracivica.it\\\/wp-content\\\/uploads\\\/2021\\\/01\\\/cropped-Logo_ok.png\",\"contentUrl\":\"https:\\\/\\\/sinistracivica.it\\\/wp-content\\\/uploads\\\/2021\\\/01\\\/cropped-Logo_ok.png\",\"width\":512,\"height\":512,\"caption\":\"SINISTRA  CIVICA\"},\"image\":{\"@id\":\"https:\\\/\\\/sinistracivica.it\\\/#\\\/schema\\\/logo\\\/image\\\/\"}},{\"@type\":\"Person\",\"@id\":\"https:\\\/\\\/sinistracivica.it\\\/#\\\/schema\\\/person\\\/b8db22896ca66c1179b83eef0c7c1277\",\"name\":\"admin\",\"image\":{\"@type\":\"ImageObject\",\"inLanguage\":\"it-IT\",\"@id\":\"https:\\\/\\\/secure.gravatar.com\\\/avatar\\\/7fe9747f7c59ae0091a510f2ebb5c0c88544f6317840ecbb5618196cb30f5f3d?s=96&d=mm&r=g\",\"url\":\"https:\\\/\\\/secure.gravatar.com\\\/avatar\\\/7fe9747f7c59ae0091a510f2ebb5c0c88544f6317840ecbb5618196cb30f5f3d?s=96&d=mm&r=g\",\"contentUrl\":\"https:\\\/\\\/secure.gravatar.com\\\/avatar\\\/7fe9747f7c59ae0091a510f2ebb5c0c88544f6317840ecbb5618196cb30f5f3d?s=96&d=mm&r=g\",\"caption\":\"admin\"},\"url\":\"https:\\\/\\\/sinistracivica.it\\\/index.php\\\/author\\\/admin\\\/\"}]}<\/script>\n<!-- \/ Yoast SEO plugin. -->","yoast_head_json":{"title":"BILANCIO DI UN PERCORSO FUORI DAGLI SCHEMI... - SINISTRA CIVICA","robots":{"index":"index","follow":"follow","max-snippet":"max-snippet:-1","max-image-preview":"max-image-preview:large","max-video-preview":"max-video-preview:-1"},"canonical":"https:\/\/sinistracivica.it\/index.php\/2020\/10\/04\/bilancio-di-un-percorso-fuori-dagli-schemi\/","og_locale":"it_IT","og_type":"article","og_title":"BILANCIO DI UN PERCORSO FUORI DAGLI SCHEMI... - SINISTRA CIVICA","og_description":"&#8230;.ovvero dei propositi per il futuro Il contesto nel quale abbiamo iniziato a confrontarci con una serie di soggetti del panorama politico venariese era, ed \u00e8 tuttora, particolarmente complicato. Partiti senza iscritte\/i, in certi casi anche iscritte\/i senza un partito, un ristretta minoranza in ogni caso. Quasi ovunque diffidenza e mancanza di partecipazione alla vita [&hellip;]","og_url":"https:\/\/sinistracivica.it\/index.php\/2020\/10\/04\/bilancio-di-un-percorso-fuori-dagli-schemi\/","og_site_name":"SINISTRA CIVICA","article_published_time":"2020-10-04T15:10:55+00:00","og_image":[{"width":300,"height":168,"url":"https:\/\/sinistracivica.it\/wp-content\/uploads\/2020\/10\/fuori-dagli-schemi.jpg","type":"image\/jpeg"}],"author":"admin","twitter_card":"summary_large_image","twitter_misc":{"Scritto da":"admin","Tempo di lettura stimato":"3 minuti"},"schema":{"@context":"https:\/\/schema.org","@graph":[{"@type":"Article","@id":"https:\/\/sinistracivica.it\/index.php\/2020\/10\/04\/bilancio-di-un-percorso-fuori-dagli-schemi\/#article","isPartOf":{"@id":"https:\/\/sinistracivica.it\/index.php\/2020\/10\/04\/bilancio-di-un-percorso-fuori-dagli-schemi\/"},"author":{"name":"admin","@id":"https:\/\/sinistracivica.it\/#\/schema\/person\/b8db22896ca66c1179b83eef0c7c1277"},"headline":"BILANCIO DI UN PERCORSO FUORI DAGLI SCHEMI&#8230;","datePublished":"2020-10-04T15:10:55+00:00","mainEntityOfPage":{"@id":"https:\/\/sinistracivica.it\/index.php\/2020\/10\/04\/bilancio-di-un-percorso-fuori-dagli-schemi\/"},"wordCount":516,"commentCount":0,"publisher":{"@id":"https:\/\/sinistracivica.it\/#organization"},"image":{"@id":"https:\/\/sinistracivica.it\/index.php\/2020\/10\/04\/bilancio-di-un-percorso-fuori-dagli-schemi\/#primaryimage"},"thumbnailUrl":"https:\/\/sinistracivica.it\/wp-content\/uploads\/2020\/10\/fuori-dagli-schemi.jpg","articleSection":["articoli"],"inLanguage":"it-IT","potentialAction":[{"@type":"CommentAction","name":"Comment","target":["https:\/\/sinistracivica.it\/index.php\/2020\/10\/04\/bilancio-di-un-percorso-fuori-dagli-schemi\/#respond"]}]},{"@type":"WebPage","@id":"https:\/\/sinistracivica.it\/index.php\/2020\/10\/04\/bilancio-di-un-percorso-fuori-dagli-schemi\/","url":"https:\/\/sinistracivica.it\/index.php\/2020\/10\/04\/bilancio-di-un-percorso-fuori-dagli-schemi\/","name":"BILANCIO DI UN PERCORSO FUORI DAGLI SCHEMI... - SINISTRA CIVICA","isPartOf":{"@id":"https:\/\/sinistracivica.it\/#website"},"primaryImageOfPage":{"@id":"https:\/\/sinistracivica.it\/index.php\/2020\/10\/04\/bilancio-di-un-percorso-fuori-dagli-schemi\/#primaryimage"},"image":{"@id":"https:\/\/sinistracivica.it\/index.php\/2020\/10\/04\/bilancio-di-un-percorso-fuori-dagli-schemi\/#primaryimage"},"thumbnailUrl":"https:\/\/sinistracivica.it\/wp-content\/uploads\/2020\/10\/fuori-dagli-schemi.jpg","datePublished":"2020-10-04T15:10:55+00:00","breadcrumb":{"@id":"https:\/\/sinistracivica.it\/index.php\/2020\/10\/04\/bilancio-di-un-percorso-fuori-dagli-schemi\/#breadcrumb"},"inLanguage":"it-IT","potentialAction":[{"@type":"ReadAction","target":["https:\/\/sinistracivica.it\/index.php\/2020\/10\/04\/bilancio-di-un-percorso-fuori-dagli-schemi\/"]}]},{"@type":"ImageObject","inLanguage":"it-IT","@id":"https:\/\/sinistracivica.it\/index.php\/2020\/10\/04\/bilancio-di-un-percorso-fuori-dagli-schemi\/#primaryimage","url":"https:\/\/sinistracivica.it\/wp-content\/uploads\/2020\/10\/fuori-dagli-schemi.jpg","contentUrl":"https:\/\/sinistracivica.it\/wp-content\/uploads\/2020\/10\/fuori-dagli-schemi.jpg","width":300,"height":168},{"@type":"BreadcrumbList","@id":"https:\/\/sinistracivica.it\/index.php\/2020\/10\/04\/bilancio-di-un-percorso-fuori-dagli-schemi\/#breadcrumb","itemListElement":[{"@type":"ListItem","position":1,"name":"Home","item":"https:\/\/sinistracivica.it\/"},{"@type":"ListItem","position":2,"name":"BILANCIO DI UN PERCORSO FUORI DAGLI SCHEMI&#8230;"}]},{"@type":"WebSite","@id":"https:\/\/sinistracivica.it\/#website","url":"https:\/\/sinistracivica.it\/","name":"SINISTRA CIVICA","description":"","publisher":{"@id":"https:\/\/sinistracivica.it\/#organization"},"potentialAction":[{"@type":"SearchAction","target":{"@type":"EntryPoint","urlTemplate":"https:\/\/sinistracivica.it\/?s={search_term_string}"},"query-input":{"@type":"PropertyValueSpecification","valueRequired":true,"valueName":"search_term_string"}}],"inLanguage":"it-IT"},{"@type":"Organization","@id":"https:\/\/sinistracivica.it\/#organization","name":"SINISTRA CIVICA","url":"https:\/\/sinistracivica.it\/","logo":{"@type":"ImageObject","inLanguage":"it-IT","@id":"https:\/\/sinistracivica.it\/#\/schema\/logo\/image\/","url":"https:\/\/sinistracivica.it\/wp-content\/uploads\/2021\/01\/cropped-Logo_ok.png","contentUrl":"https:\/\/sinistracivica.it\/wp-content\/uploads\/2021\/01\/cropped-Logo_ok.png","width":512,"height":512,"caption":"SINISTRA  CIVICA"},"image":{"@id":"https:\/\/sinistracivica.it\/#\/schema\/logo\/image\/"}},{"@type":"Person","@id":"https:\/\/sinistracivica.it\/#\/schema\/person\/b8db22896ca66c1179b83eef0c7c1277","name":"admin","image":{"@type":"ImageObject","inLanguage":"it-IT","@id":"https:\/\/secure.gravatar.com\/avatar\/7fe9747f7c59ae0091a510f2ebb5c0c88544f6317840ecbb5618196cb30f5f3d?s=96&d=mm&r=g","url":"https:\/\/secure.gravatar.com\/avatar\/7fe9747f7c59ae0091a510f2ebb5c0c88544f6317840ecbb5618196cb30f5f3d?s=96&d=mm&r=g","contentUrl":"https:\/\/secure.gravatar.com\/avatar\/7fe9747f7c59ae0091a510f2ebb5c0c88544f6317840ecbb5618196cb30f5f3d?s=96&d=mm&r=g","caption":"admin"},"url":"https:\/\/sinistracivica.it\/index.php\/author\/admin\/"}]}},"views":1667,"_links":{"self":[{"href":"https:\/\/sinistracivica.it\/index.php\/wp-json\/wp\/v2\/posts\/1310","targetHints":{"allow":["GET"]}}],"collection":[{"href":"https:\/\/sinistracivica.it\/index.php\/wp-json\/wp\/v2\/posts"}],"about":[{"href":"https:\/\/sinistracivica.it\/index.php\/wp-json\/wp\/v2\/types\/post"}],"author":[{"embeddable":true,"href":"https:\/\/sinistracivica.it\/index.php\/wp-json\/wp\/v2\/users\/1"}],"replies":[{"embeddable":true,"href":"https:\/\/sinistracivica.it\/index.php\/wp-json\/wp\/v2\/comments?post=1310"}],"version-history":[{"count":1,"href":"https:\/\/sinistracivica.it\/index.php\/wp-json\/wp\/v2\/posts\/1310\/revisions"}],"predecessor-version":[{"id":1312,"href":"https:\/\/sinistracivica.it\/index.php\/wp-json\/wp\/v2\/posts\/1310\/revisions\/1312"}],"wp:featuredmedia":[{"embeddable":true,"href":"https:\/\/sinistracivica.it\/index.php\/wp-json\/wp\/v2\/media\/1311"}],"wp:attachment":[{"href":"https:\/\/sinistracivica.it\/index.php\/wp-json\/wp\/v2\/media?parent=1310"}],"wp:term":[{"taxonomy":"category","embeddable":true,"href":"https:\/\/sinistracivica.it\/index.php\/wp-json\/wp\/v2\/categories?post=1310"},{"taxonomy":"post_tag","embeddable":true,"href":"https:\/\/sinistracivica.it\/index.php\/wp-json\/wp\/v2\/tags?post=1310"}],"curies":[{"name":"wp","href":"https:\/\/api.w.org\/{rel}","templated":true}]}}